{"id":30578,"date":"2018-12-10T12:18:26","date_gmt":"2018-12-10T12:18:26","guid":{"rendered":"https:\/\/www.constantinianorder.net\/calabria-pranzo-natalizio-offerto-alle-famiglie-bisognose-2\/"},"modified":"2026-01-15T17:45:58","modified_gmt":"2026-01-15T17:45:58","slug":"calabre-un-diner-de-noel-offert-aux-familles-necessiteuses","status":"publish","type":"post","link":"https:\/\/svil.constantinianorder.com\/fr\/calabre-un-diner-de-noel-offert-aux-familles-necessiteuses\/","title":{"rendered":"CALABRE: UN D\u00ceNER DE NO\u00cbL OFFERT AUX FAMILLES N\u00c9CESSITEUSES"},"content":{"rendered":"<p><img loading=\"lazy\" decoding=\"async\" class=\"alignnone size-medium wp-image-30572\" src=\"https:\/\/svil.constantinianorder.com\/wp-content\/uploads\/2018\/12\/15-300x225.jpg\" alt=\"15\" width=\"300\" height=\"225\" \/><\/p>\n<p>En collaboration avec la Caritas, la d\u00e9l\u00e9gation calabraise a offert des repas chauds \u00e0 150 personnes n\u00e9cessiteuses du territoire dans les locaux de la paroisse de Candelora.<\/p>\n<p>&nbsp;<\/p>\n<p><img loading=\"lazy\" decoding=\"async\" class=\"alignnone size-medium wp-image-30571\" src=\"https:\/\/svil.constantinianorder.com\/wp-content\/uploads\/2018\/12\/12-300x225.jpg\" alt=\"12\" width=\"300\" height=\"225\" \/><\/p>\n<p>Lire l&rsquo;article complet en italien <a href=\"https:\/\/svil.constantinianorder.com\/wp-content\/uploads\/2018\/12\/Comunicato-Delegazione-Calabria.pdf\">ICI.<\/a><\/p>\n","protected":false},"excerpt":{"rendered":"<p>En collaboration avec la Caritas, la d\u00e9l\u00e9gation calabraise a offert des repas chauds \u00e0 150 personnes n\u00e9cessiteuses du territoire dans les locaux de la paroisse de Candelora. &nbsp; Lire l&rsquo;article complet en italien ICI.<\/p>\n","protected":false},"author":1,"featured_media":0,"comment_status":"closed","ping_status":"open","sticky":false,"template":"","format":"standard","meta":{"footnotes":""},"categories":[160],"tags":[],"class_list":["post-30578","post","type-post","status-publish","format-standard","hentry","category-delegation-de-la-calabre"],"_links":{"self":[{"href":"https:\/\/svil.constantinianorder.com\/fr\/wp-json\/wp\/v2\/posts\/30578","targetHints":{"allow":["GET"]}}],"collection":[{"href":"https:\/\/svil.constantinianorder.com\/fr\/wp-json\/wp\/v2\/posts"}],"about":[{"href":"https:\/\/svil.constantinianorder.com\/fr\/wp-json\/wp\/v2\/types\/post"}],"author":[{"embeddable":true,"href":"https:\/\/svil.constantinianorder.com\/fr\/wp-json\/wp\/v2\/users\/1"}],"replies":[{"embeddable":true,"href":"https:\/\/svil.constantinianorder.com\/fr\/wp-json\/wp\/v2\/comments?post=30578"}],"version-history":[{"count":1,"href":"https:\/\/svil.constantinianorder.com\/fr\/wp-json\/wp\/v2\/posts\/30578\/revisions"}],"predecessor-version":[{"id":58833,"href":"https:\/\/svil.constantinianorder.com\/fr\/wp-json\/wp\/v2\/posts\/30578\/revisions\/58833"}],"wp:attachment":[{"href":"https:\/\/svil.constantinianorder.com\/fr\/wp-json\/wp\/v2\/media?parent=30578"}],"wp:term":[{"taxonomy":"category","embeddable":true,"href":"https:\/\/svil.constantinianorder.com\/fr\/wp-json\/wp\/v2\/categories?post=30578"},{"taxonomy":"post_tag","embeddable":true,"href":"https:\/\/svil.constantinianorder.com\/fr\/wp-json\/wp\/v2\/tags?post=30578"}],"curies":[{"name":"wp","href":"https:\/\/api.w.org\/{rel}","templated":true}]}}