{"id":30625,"date":"2018-12-21T16:42:40","date_gmt":"2018-12-21T16:42:40","guid":{"rendered":"https:\/\/www.constantinianorder.net\/piemonte-e-valle-daosta-santa-messa-e-cena-conviviale-2\/"},"modified":"2026-01-15T17:46:36","modified_gmt":"2026-01-15T17:46:36","slug":"piemont-et-vallee-daoste-messe-solennelle-et-diner-convivial","status":"publish","type":"post","link":"https:\/\/svil.constantinianorder.com\/fr\/piemont-et-vallee-daoste-messe-solennelle-et-diner-convivial\/","title":{"rendered":"PI\u00c9MONT ET VALL\u00c9E D&rsquo;AOSTE: MESSE SOLENNELLE ET D\u00ceNER CONVIVIAL"},"content":{"rendered":"<p><img loading=\"lazy\" decoding=\"async\" class=\"alignnone size-medium wp-image-30622\" src=\"https:\/\/svil.constantinianorder.com\/wp-content\/uploads\/2018\/12\/IMG-20181220-WA0009-300x225.jpg\" alt=\"IMG-20181220-WA0009\" width=\"300\" height=\"225\" \/><\/p>\n<p><span lang=\"fr\">Le 20 d\u00e9cembre, \u00e0 l\u2019occasion de l\u2019approche du jour de No\u00ebl, une messe solennelle a \u00e9t\u00e9 c\u00e9l\u00e9br\u00e9e officieusement par P\u00e8re Augusto Piccoli aupr\u00e8s de la chapelle des banquiers et des commer\u00e7ants de Turin, avec la pr\u00e9sence du Vice d\u00e9l\u00e9gu\u00e9 Mario Baschirotto et tous les repr\u00e9sentants du Pi\u00e9mont et de la Vall\u00e9e d\u2019Aoste. \u00c0 la fin de la liturgie, les Dames et\u00a0 les Chevaliers, accompagn\u00e9s de nombreux amis, se sont r\u00e9unis au <em>Centro Congressi Unione Industriale<\/em> de Turin pour un d\u00eener convivial.<\/span><\/p>\n","protected":false},"excerpt":{"rendered":"<p>Le 20 d\u00e9cembre, \u00e0 l\u2019occasion de l\u2019approche du jour de No\u00ebl, une messe solennelle a \u00e9t\u00e9 c\u00e9l\u00e9br\u00e9e officieusement par P\u00e8re Augusto Piccoli aupr\u00e8s de la chapelle des banquiers et des commer\u00e7ants de Turin, avec la pr\u00e9sence du Vice d\u00e9l\u00e9gu\u00e9 Mario Baschirotto et tous les repr\u00e9sentants du Pi\u00e9mont et de la Vall\u00e9e d\u2019Aoste. \u00c0 la fin [&hellip;]<\/p>\n","protected":false},"author":1,"featured_media":0,"comment_status":"closed","ping_status":"open","sticky":false,"template":"","format":"standard","meta":{"footnotes":""},"categories":[174],"tags":[],"class_list":["post-30625","post","type-post","status-publish","format-standard","hentry","category-delegation-du-piemont-et-de-la-vallee-daoste"],"_links":{"self":[{"href":"https:\/\/svil.constantinianorder.com\/fr\/wp-json\/wp\/v2\/posts\/30625","targetHints":{"allow":["GET"]}}],"collection":[{"href":"https:\/\/svil.constantinianorder.com\/fr\/wp-json\/wp\/v2\/posts"}],"about":[{"href":"https:\/\/svil.constantinianorder.com\/fr\/wp-json\/wp\/v2\/types\/post"}],"author":[{"embeddable":true,"href":"https:\/\/svil.constantinianorder.com\/fr\/wp-json\/wp\/v2\/users\/1"}],"replies":[{"embeddable":true,"href":"https:\/\/svil.constantinianorder.com\/fr\/wp-json\/wp\/v2\/comments?post=30625"}],"version-history":[{"count":1,"href":"https:\/\/svil.constantinianorder.com\/fr\/wp-json\/wp\/v2\/posts\/30625\/revisions"}],"predecessor-version":[{"id":58905,"href":"https:\/\/svil.constantinianorder.com\/fr\/wp-json\/wp\/v2\/posts\/30625\/revisions\/58905"}],"wp:attachment":[{"href":"https:\/\/svil.constantinianorder.com\/fr\/wp-json\/wp\/v2\/media?parent=30625"}],"wp:term":[{"taxonomy":"category","embeddable":true,"href":"https:\/\/svil.constantinianorder.com\/fr\/wp-json\/wp\/v2\/categories?post=30625"},{"taxonomy":"post_tag","embeddable":true,"href":"https:\/\/svil.constantinianorder.com\/fr\/wp-json\/wp\/v2\/tags?post=30625"}],"curies":[{"name":"wp","href":"https:\/\/api.w.org\/{rel}","templated":true}]}}