{"id":30827,"date":"2019-01-11T17:31:32","date_gmt":"2019-01-11T17:31:32","guid":{"rendered":"https:\/\/www.constantinianorder.net\/lombardia-donazione-a-mantova-2\/"},"modified":"2026-01-15T15:48:43","modified_gmt":"2026-01-15T15:48:43","slug":"lombardie-donation-a-mantoue","status":"publish","type":"post","link":"https:\/\/svil.constantinianorder.com\/fr\/lombardie-donation-a-mantoue\/","title":{"rendered":"LOMBARDIE: DONATION A MANTOUE"},"content":{"rendered":"<p><strong><img loading=\"lazy\" decoding=\"async\" class=\"alignnone size-medium wp-image-30824\" src=\"https:\/\/svil.constantinianorder.com\/wp-content\/uploads\/2019\/01\/IMG-20190111-WA0000-300x225.jpg\" alt=\"IMG-20190111-WA0000\" width=\"300\" height=\"225\" \/><\/strong><\/p>\n<p><strong>Mantoue,11 janvier 2019.<\/strong> Des Chevaliers de Brescia, avec quelques sympathisants de Mantoue, ont fait leur premi\u00e8re \u0153uvre de bienfaisance. Ils ont offert \u00e0 la Caritas dioc\u00e9saine environ 500 kg de p\u00e2tes. Mme Silvia Canuti, directrice de la Caritas dioc\u00e9saine, a remerci\u00e9 les Chevaliers pour cette premi\u00e8re initiative caritative, qui constitue un signal de d\u00e9part pour une pr\u00e9sence constantinienne constante \u00e9galement sur le territoire de Mantoue.<\/p>\n","protected":false},"excerpt":{"rendered":"<p>Mantoue,11 janvier 2019. Des Chevaliers de Brescia, avec quelques sympathisants de Mantoue, ont fait leur premi\u00e8re \u0153uvre de bienfaisance. Ils ont offert \u00e0 la Caritas dioc\u00e9saine environ 500 kg de p\u00e2tes. Mme Silvia Canuti, directrice de la Caritas dioc\u00e9saine, a remerci\u00e9 les Chevaliers pour cette premi\u00e8re initiative caritative, qui constitue un signal de d\u00e9part pour [&hellip;]<\/p>\n","protected":false},"author":1,"featured_media":0,"comment_status":"closed","ping_status":"open","sticky":false,"template":"","format":"standard","meta":{"footnotes":""},"categories":[152],"tags":[],"class_list":["post-30827","post","type-post","status-publish","format-standard","hentry","category-delegation-de-lombardie"],"_links":{"self":[{"href":"https:\/\/svil.constantinianorder.com\/fr\/wp-json\/wp\/v2\/posts\/30827","targetHints":{"allow":["GET"]}}],"collection":[{"href":"https:\/\/svil.constantinianorder.com\/fr\/wp-json\/wp\/v2\/posts"}],"about":[{"href":"https:\/\/svil.constantinianorder.com\/fr\/wp-json\/wp\/v2\/types\/post"}],"author":[{"embeddable":true,"href":"https:\/\/svil.constantinianorder.com\/fr\/wp-json\/wp\/v2\/users\/1"}],"replies":[{"embeddable":true,"href":"https:\/\/svil.constantinianorder.com\/fr\/wp-json\/wp\/v2\/comments?post=30827"}],"version-history":[{"count":1,"href":"https:\/\/svil.constantinianorder.com\/fr\/wp-json\/wp\/v2\/posts\/30827\/revisions"}],"predecessor-version":[{"id":56492,"href":"https:\/\/svil.constantinianorder.com\/fr\/wp-json\/wp\/v2\/posts\/30827\/revisions\/56492"}],"wp:attachment":[{"href":"https:\/\/svil.constantinianorder.com\/fr\/wp-json\/wp\/v2\/media?parent=30827"}],"wp:term":[{"taxonomy":"category","embeddable":true,"href":"https:\/\/svil.constantinianorder.com\/fr\/wp-json\/wp\/v2\/categories?post=30827"},{"taxonomy":"post_tag","embeddable":true,"href":"https:\/\/svil.constantinianorder.com\/fr\/wp-json\/wp\/v2\/tags?post=30827"}],"curies":[{"name":"wp","href":"https:\/\/api.w.org\/{rel}","templated":true}]}}