{"id":30895,"date":"2019-01-18T12:21:19","date_gmt":"2019-01-18T12:21:19","guid":{"rendered":"https:\/\/www.constantinianorder.net\/piemonte-e-valle-daosta-briciole-di-salute-a-torino-2\/"},"modified":"2026-01-15T15:48:54","modified_gmt":"2026-01-15T15:48:54","slug":"piemont-et-vallee-daoste-briciole-di-salute-a-turin","status":"publish","type":"post","link":"https:\/\/svil.constantinianorder.com\/fr\/piemont-et-vallee-daoste-briciole-di-salute-a-turin\/","title":{"rendered":"PIEMONT ET VALLEE D&rsquo;AOSTE: BRICIOLE DI SALUTE A TURIN"},"content":{"rendered":"<p><img loading=\"lazy\" decoding=\"async\" class=\"alignnone size-medium wp-image-30892\" src=\"https:\/\/svil.constantinianorder.com\/wp-content\/uploads\/2019\/01\/foto-donazione-17-gennaio-2019-300x169.jpg\" alt=\"foto donazione 17 gennaio 2019\" width=\"300\" height=\"169\" \/><\/p>\n<p><span lang=\"fr\"><strong>Turin, 17 janvier 2019<\/strong> &#8211; Le Repr\u00e9sentant de la ville de Turin, M. Massimo Trasforini, a organis\u00e9 une collecte de produits alimentaires \u00e0 offrir \u00e0 la cantine des pauvres situ\u00e9e au sein de l\u2019Association \u00ab\u00a0Le C\u00e9nacle eucharistique de la Transfiguration\u00a0\u00bb de Turin, fond\u00e9e par le P\u00e8re Adriano Gennari, qui \u00e9tait pr\u00e9sent pour remercier l&rsquo;Ordre Sacr\u00e9 Militaire et Constantinien de Saint-Georges. Cette donation fait partie du projet \u00ab\u00a0Briciole di Salute\u00a0\u00bb. Le vice d\u00e9l\u00e9gu\u00e9 a \u00e9galement assist\u00e9 \u00e0 la donation et \u00e9tait accompagn\u00e9 de quelques\u00a0chevaliers et dames.<\/span><\/p>\n","protected":false},"excerpt":{"rendered":"<p>Turin, 17 janvier 2019 &#8211; Le Repr\u00e9sentant de la ville de Turin, M. Massimo Trasforini, a organis\u00e9 une collecte de produits alimentaires \u00e0 offrir \u00e0 la cantine des pauvres situ\u00e9e au sein de l\u2019Association \u00ab\u00a0Le C\u00e9nacle eucharistique de la Transfiguration\u00a0\u00bb de Turin, fond\u00e9e par le P\u00e8re Adriano Gennari, qui \u00e9tait pr\u00e9sent pour remercier l&rsquo;Ordre Sacr\u00e9 [&hellip;]<\/p>\n","protected":false},"author":1,"featured_media":0,"comment_status":"closed","ping_status":"open","sticky":false,"template":"","format":"standard","meta":{"footnotes":""},"categories":[174],"tags":[],"class_list":["post-30895","post","type-post","status-publish","format-standard","hentry","category-delegation-du-piemont-et-de-la-vallee-daoste"],"_links":{"self":[{"href":"https:\/\/svil.constantinianorder.com\/fr\/wp-json\/wp\/v2\/posts\/30895","targetHints":{"allow":["GET"]}}],"collection":[{"href":"https:\/\/svil.constantinianorder.com\/fr\/wp-json\/wp\/v2\/posts"}],"about":[{"href":"https:\/\/svil.constantinianorder.com\/fr\/wp-json\/wp\/v2\/types\/post"}],"author":[{"embeddable":true,"href":"https:\/\/svil.constantinianorder.com\/fr\/wp-json\/wp\/v2\/users\/1"}],"replies":[{"embeddable":true,"href":"https:\/\/svil.constantinianorder.com\/fr\/wp-json\/wp\/v2\/comments?post=30895"}],"version-history":[{"count":1,"href":"https:\/\/svil.constantinianorder.com\/fr\/wp-json\/wp\/v2\/posts\/30895\/revisions"}],"predecessor-version":[{"id":56516,"href":"https:\/\/svil.constantinianorder.com\/fr\/wp-json\/wp\/v2\/posts\/30895\/revisions\/56516"}],"wp:attachment":[{"href":"https:\/\/svil.constantinianorder.com\/fr\/wp-json\/wp\/v2\/media?parent=30895"}],"wp:term":[{"taxonomy":"category","embeddable":true,"href":"https:\/\/svil.constantinianorder.com\/fr\/wp-json\/wp\/v2\/categories?post=30895"},{"taxonomy":"post_tag","embeddable":true,"href":"https:\/\/svil.constantinianorder.com\/fr\/wp-json\/wp\/v2\/tags?post=30895"}],"curies":[{"name":"wp","href":"https:\/\/api.w.org\/{rel}","templated":true}]}}