{"id":30967,"date":"2019-01-24T17:09:28","date_gmt":"2019-01-24T17:09:28","guid":{"rendered":"https:\/\/www.constantinianorder.net\/piemonte-e-valle-daosta-santa-messa-ad-alessandria-2\/"},"modified":"2026-01-15T15:49:04","modified_gmt":"2026-01-15T15:49:04","slug":"piemont-et-vallee-daoste-liturgie-solennelle-a-alessandria","status":"publish","type":"post","link":"https:\/\/svil.constantinianorder.com\/fr\/piemont-et-vallee-daoste-liturgie-solennelle-a-alessandria\/","title":{"rendered":"PIEMONT ET VALLEE D\u2019AOSTE: LITURGIE SOLENNELLE A ALESSANDRIA"},"content":{"rendered":"<p><img loading=\"lazy\" decoding=\"async\" class=\"alignnone size-medium wp-image-30964\" src=\"https:\/\/svil.constantinianorder.com\/wp-content\/uploads\/2019\/01\/SANTA-MESSA-ALESSANDRIA-1-225x300.jpg\" alt=\"SANTA MESSA ALESSANDRIA\" width=\"225\" height=\"300\" \/><\/p>\n<p>Le 21 janvier, la Repr\u00e9sentante des villes Alessandria et Asti, Mme Simona Delfino, a organis\u00e9 une messe dans la cath\u00e9drale d&rsquo;Alessandria en l&rsquo;honneur de Marie-Christine de Savoie en pr\u00e9sence des Chevaliers de l&rsquo;Ordre. Le P\u00e8re Augusto Piccoli a offici\u00e9 la liturgie o\u00f9 a \u00e9t\u00e9 \u00e9galement lue la pri\u00e8re du chevalier.<\/p>\n","protected":false},"excerpt":{"rendered":"<p>Le 21 janvier, la Repr\u00e9sentante des villes Alessandria et Asti, Mme Simona Delfino, a organis\u00e9 une messe dans la cath\u00e9drale d&rsquo;Alessandria en l&rsquo;honneur de Marie-Christine de Savoie en pr\u00e9sence des Chevaliers de l&rsquo;Ordre. Le P\u00e8re Augusto Piccoli a offici\u00e9 la liturgie o\u00f9 a \u00e9t\u00e9 \u00e9galement lue la pri\u00e8re du chevalier.<\/p>\n","protected":false},"author":1,"featured_media":0,"comment_status":"closed","ping_status":"open","sticky":false,"template":"","format":"standard","meta":{"footnotes":""},"categories":[174],"tags":[],"class_list":["post-30967","post","type-post","status-publish","format-standard","hentry","category-delegation-du-piemont-et-de-la-vallee-daoste"],"_links":{"self":[{"href":"https:\/\/svil.constantinianorder.com\/fr\/wp-json\/wp\/v2\/posts\/30967","targetHints":{"allow":["GET"]}}],"collection":[{"href":"https:\/\/svil.constantinianorder.com\/fr\/wp-json\/wp\/v2\/posts"}],"about":[{"href":"https:\/\/svil.constantinianorder.com\/fr\/wp-json\/wp\/v2\/types\/post"}],"author":[{"embeddable":true,"href":"https:\/\/svil.constantinianorder.com\/fr\/wp-json\/wp\/v2\/users\/1"}],"replies":[{"embeddable":true,"href":"https:\/\/svil.constantinianorder.com\/fr\/wp-json\/wp\/v2\/comments?post=30967"}],"version-history":[{"count":1,"href":"https:\/\/svil.constantinianorder.com\/fr\/wp-json\/wp\/v2\/posts\/30967\/revisions"}],"predecessor-version":[{"id":56540,"href":"https:\/\/svil.constantinianorder.com\/fr\/wp-json\/wp\/v2\/posts\/30967\/revisions\/56540"}],"wp:attachment":[{"href":"https:\/\/svil.constantinianorder.com\/fr\/wp-json\/wp\/v2\/media?parent=30967"}],"wp:term":[{"taxonomy":"category","embeddable":true,"href":"https:\/\/svil.constantinianorder.com\/fr\/wp-json\/wp\/v2\/categories?post=30967"},{"taxonomy":"post_tag","embeddable":true,"href":"https:\/\/svil.constantinianorder.com\/fr\/wp-json\/wp\/v2\/tags?post=30967"}],"curies":[{"name":"wp","href":"https:\/\/api.w.org\/{rel}","templated":true}]}}