{"id":31082,"date":"2019-02-01T17:31:12","date_gmt":"2019-02-01T17:31:12","guid":{"rendered":"https:\/\/www.constantinianorder.net\/toscana-celebrazione-beata-maria-cristina-di-savoia-2\/"},"modified":"2026-01-15T15:49:15","modified_gmt":"2026-01-15T15:49:15","slug":"toscane-celebration-pour-marie-christine-de-savoie","status":"publish","type":"post","link":"https:\/\/svil.constantinianorder.com\/fr\/toscane-celebration-pour-marie-christine-de-savoie\/","title":{"rendered":"TOSCANE: C\u00c9L\u00c9BRATION POUR MARIE-CHRISTINE DE SAVOIE"},"content":{"rendered":"<p><strong><img loading=\"lazy\" decoding=\"async\" class=\"alignnone size-medium wp-image-31079\" src=\"https:\/\/svil.constantinianorder.com\/wp-content\/uploads\/2019\/02\/08-300x225.jpg\" alt=\"08\" width=\"300\" height=\"225\" \/><\/strong><\/p>\n<p><span lang=\"fr\" tabindex=\"0\"><strong>Lucca, 31 janvier 2019<\/strong> &#8211; Dans l\u2019\u00c9glise de la Tr\u00e8s Sainte Trinit\u00e9 de Lucca, les Chevaliers et les Dames de la D\u00e9l\u00e9gation de Toscane, dirig\u00e9s par le Vice D\u00e9l\u00e9gu\u00e9, ont assist\u00e9 \u00e0 la c\u00e9r\u00e9monie liturgique solennelle pr\u00e9sid\u00e9e par Mgr Giovanni Scarabelli et assist\u00e9e par le\u00a0P\u00e8re Rodolfo Rossi. La liturgie \u00e9tait consacr\u00e9e \u00e0 la figure de Marie-Christine de Savoie \u00e0 l\u2019occasion du cinqui\u00e8me anniversaire de sa b\u00e9atification. Pr\u00e9sents \u00e0 la c\u00e9r\u00e9monie des membres de l&rsquo;Association des conventions culturelles <em>Maria Cristina di Savoia<\/em>.<\/span><\/p>\n<p><img loading=\"lazy\" decoding=\"async\" class=\"alignnone size-medium wp-image-31078\" src=\"https:\/\/svil.constantinianorder.com\/wp-content\/uploads\/2019\/02\/09-225x300.jpg\" alt=\"09\" width=\"225\" height=\"300\" \/><\/p>\n","protected":false},"excerpt":{"rendered":"<p>Lucca, 31 janvier 2019 &#8211; Dans l\u2019\u00c9glise de la Tr\u00e8s Sainte Trinit\u00e9 de Lucca, les Chevaliers et les Dames de la D\u00e9l\u00e9gation de Toscane, dirig\u00e9s par le Vice D\u00e9l\u00e9gu\u00e9, ont assist\u00e9 \u00e0 la c\u00e9r\u00e9monie liturgique solennelle pr\u00e9sid\u00e9e par Mgr Giovanni Scarabelli et assist\u00e9e par le\u00a0P\u00e8re Rodolfo Rossi. La liturgie \u00e9tait consacr\u00e9e \u00e0 la figure de [&hellip;]<\/p>\n","protected":false},"author":1,"featured_media":0,"comment_status":"closed","ping_status":"open","sticky":false,"template":"","format":"standard","meta":{"footnotes":""},"categories":[170],"tags":[],"class_list":["post-31082","post","type-post","status-publish","format-standard","hentry","category-delegation-de-toscane"],"_links":{"self":[{"href":"https:\/\/svil.constantinianorder.com\/fr\/wp-json\/wp\/v2\/posts\/31082","targetHints":{"allow":["GET"]}}],"collection":[{"href":"https:\/\/svil.constantinianorder.com\/fr\/wp-json\/wp\/v2\/posts"}],"about":[{"href":"https:\/\/svil.constantinianorder.com\/fr\/wp-json\/wp\/v2\/types\/post"}],"author":[{"embeddable":true,"href":"https:\/\/svil.constantinianorder.com\/fr\/wp-json\/wp\/v2\/users\/1"}],"replies":[{"embeddable":true,"href":"https:\/\/svil.constantinianorder.com\/fr\/wp-json\/wp\/v2\/comments?post=31082"}],"version-history":[{"count":1,"href":"https:\/\/svil.constantinianorder.com\/fr\/wp-json\/wp\/v2\/posts\/31082\/revisions"}],"predecessor-version":[{"id":56568,"href":"https:\/\/svil.constantinianorder.com\/fr\/wp-json\/wp\/v2\/posts\/31082\/revisions\/56568"}],"wp:attachment":[{"href":"https:\/\/svil.constantinianorder.com\/fr\/wp-json\/wp\/v2\/media?parent=31082"}],"wp:term":[{"taxonomy":"category","embeddable":true,"href":"https:\/\/svil.constantinianorder.com\/fr\/wp-json\/wp\/v2\/categories?post=31082"},{"taxonomy":"post_tag","embeddable":true,"href":"https:\/\/svil.constantinianorder.com\/fr\/wp-json\/wp\/v2\/tags?post=31082"}],"curies":[{"name":"wp","href":"https:\/\/api.w.org\/{rel}","templated":true}]}}