{"id":31151,"date":"2019-02-06T10:57:01","date_gmt":"2019-02-06T10:57:01","guid":{"rendered":"https:\/\/www.constantinianorder.net\/sicilia-briciole-di-salute-a-piazza-armerina-e-consegna-diploma-2\/"},"modified":"2026-01-15T15:49:24","modified_gmt":"2026-01-15T15:49:24","slug":"sicile-briciole-de-salute-a-piazza-armerina-et-livraison-dun-diplome","status":"publish","type":"post","link":"https:\/\/svil.constantinianorder.com\/fr\/sicile-briciole-de-salute-a-piazza-armerina-et-livraison-dun-diplome\/","title":{"rendered":"SICILE: BRICIOLE DE SALUTE \u00c0 PIAZZA ARMERINA ET LIVRAISON D&rsquo;UN DIPL\u00d4ME"},"content":{"rendered":"<p><img loading=\"lazy\" decoding=\"async\" class=\"alignnone size-medium wp-image-31147\" src=\"https:\/\/svil.constantinianorder.com\/wp-content\/uploads\/2019\/02\/piazza-armerina-300x198.jpg\" alt=\"piazza armerina\" width=\"300\" height=\"198\" \/><\/p>\n<p>Le 2 f\u00e9vrier, le vice d\u00e9l\u00e9gu\u00e9, accompagn\u00e9 de M. Matteo Bertino, de M. Alessandro Balsamo, de M. Marco Milazzo et du P\u00e8re Dario Pavone, a delivr\u00e9\u00a0plusieurs produits aupr\u00e8s de l&rsquo;\u00e9glise de <em>S. Stefano <\/em>\u00e0 Piazza Armerina.\u00a0La donation fait partie du projet \u00ab\u00a0Briciole di Salute\u00a0\u00bb. En plus des couches, des aliments pour b\u00e9b\u00e9s, des biscuits, du lait et des p\u00e2tes, de nombreux v\u00eatements et chaussures pour enfants de 0 \u00e0 3 ans ont \u00e9galement \u00e9t\u00e9 livr\u00e9s.<\/p>\n<p><img loading=\"lazy\" decoding=\"async\" class=\"alignnone size-medium wp-image-31148\" src=\"https:\/\/svil.constantinianorder.com\/wp-content\/uploads\/2019\/02\/incontro-con-il-Vescovo-di-Piazza-Armerina-300x225.jpg\" alt=\"incontro con il Vescovo di Piazza Armerina\" width=\"300\" height=\"225\" \/><\/p>\n<p>Le m\u00eame jour, le vice d\u00e9l\u00e9gu\u00e9 a \u00e9t\u00e9 re\u00e7u par S.E. Mgr. Rosario Gisana, \u00e9v\u00eaque du dioc\u00e8se de Piazza Armerina. Au cours de la r\u00e9union, les dates des prochaines activit\u00e9s liturgiques et caritatives ont \u00e9t\u00e9 \u00e9tablies. L&rsquo;\u00e9v\u00eaque a f\u00e9licit\u00e9 le vice d\u00e9l\u00e9gu\u00e9 pour la pr\u00e9sence constante de la d\u00e9l\u00e9gation dans toutes les activit\u00e9s caritatives. Le vice d\u00e9l\u00e9gu\u00e9 a \u00e9galement\u00a0remis \u00e0 Mgr. Gisana son dipl\u00f4me de Chevalier de Grand-Croix de Gr\u00e2ce Eccl\u00e9siastique.<\/p>\n","protected":false},"excerpt":{"rendered":"<p>Le 2 f\u00e9vrier, le vice d\u00e9l\u00e9gu\u00e9, accompagn\u00e9 de M. Matteo Bertino, de M. Alessandro Balsamo, de M. Marco Milazzo et du P\u00e8re Dario Pavone, a delivr\u00e9\u00a0plusieurs produits aupr\u00e8s de l&rsquo;\u00e9glise de S. Stefano \u00e0 Piazza Armerina.\u00a0La donation fait partie du projet \u00ab\u00a0Briciole di Salute\u00a0\u00bb. En plus des couches, des aliments pour b\u00e9b\u00e9s, des biscuits, du [&hellip;]<\/p>\n","protected":false},"author":1,"featured_media":0,"comment_status":"closed","ping_status":"open","sticky":false,"template":"","format":"standard","meta":{"footnotes":""},"categories":[166],"tags":[],"class_list":["post-31151","post","type-post","status-publish","format-standard","hentry","category-delegation-de-la-sicile"],"_links":{"self":[{"href":"https:\/\/svil.constantinianorder.com\/fr\/wp-json\/wp\/v2\/posts\/31151","targetHints":{"allow":["GET"]}}],"collection":[{"href":"https:\/\/svil.constantinianorder.com\/fr\/wp-json\/wp\/v2\/posts"}],"about":[{"href":"https:\/\/svil.constantinianorder.com\/fr\/wp-json\/wp\/v2\/types\/post"}],"author":[{"embeddable":true,"href":"https:\/\/svil.constantinianorder.com\/fr\/wp-json\/wp\/v2\/users\/1"}],"replies":[{"embeddable":true,"href":"https:\/\/svil.constantinianorder.com\/fr\/wp-json\/wp\/v2\/comments?post=31151"}],"version-history":[{"count":1,"href":"https:\/\/svil.constantinianorder.com\/fr\/wp-json\/wp\/v2\/posts\/31151\/revisions"}],"predecessor-version":[{"id":56584,"href":"https:\/\/svil.constantinianorder.com\/fr\/wp-json\/wp\/v2\/posts\/31151\/revisions\/56584"}],"wp:attachment":[{"href":"https:\/\/svil.constantinianorder.com\/fr\/wp-json\/wp\/v2\/media?parent=31151"}],"wp:term":[{"taxonomy":"category","embeddable":true,"href":"https:\/\/svil.constantinianorder.com\/fr\/wp-json\/wp\/v2\/categories?post=31151"},{"taxonomy":"post_tag","embeddable":true,"href":"https:\/\/svil.constantinianorder.com\/fr\/wp-json\/wp\/v2\/tags?post=31151"}],"curies":[{"name":"wp","href":"https:\/\/api.w.org\/{rel}","templated":true}]}}