{"id":31180,"date":"2019-02-08T12:30:07","date_gmt":"2019-02-08T12:30:07","guid":{"rendered":"https:\/\/www.constantinianorder.net\/piemonte-e-valle-daosta-donazione-a-cuneo-2-2\/"},"modified":"2026-01-15T15:49:27","modified_gmt":"2026-01-15T15:49:27","slug":"piemont-et-vallee-daoste-donation-a-coni","status":"publish","type":"post","link":"https:\/\/svil.constantinianorder.com\/fr\/piemont-et-vallee-daoste-donation-a-coni\/","title":{"rendered":"PI\u00c9MONT ET VALL\u00c9E D&rsquo;AOSTE: DONATION \u00c0 CONI"},"content":{"rendered":"<p><img loading=\"lazy\" decoding=\"async\" class=\"alignnone size-medium wp-image-31176\" src=\"https:\/\/svil.constantinianorder.com\/wp-content\/uploads\/2019\/02\/DONAZIONE-300x188.jpg\" alt=\"DONAZIONE\" width=\"300\" height=\"188\" \/><\/p>\n<p><span lang=\"fr\" tabindex=\"0\">Le 7 f\u00e9vrier une donation importante de produits alimentaires a \u00e9t\u00e9 organis\u00e9e par Erik Franza et Carlo Fedeli, appartenant \u00e0 la brigade alpine de Turin et sympathisants de l&rsquo;Ordre. Ce don fait partie du projet \u00ab\u00a0Briciole di Salute\u00a0\u00bb. Etaient pr\u00e9sents M. Pietro Bruno, M. Dario Bruno et\u00a0P\u00e8re\u00a0Luca Lanave. Les personnes pr\u00e9sentes se sont jointes \u00e0 un moment de pri\u00e8re sinc\u00e8re au cours duquel la pri\u00e8re de l\u2019Alpin a \u00e9galement \u00e9t\u00e9 r\u00e9cit\u00e9e.<\/span><\/p>\n","protected":false},"excerpt":{"rendered":"<p>Le 7 f\u00e9vrier une donation importante de produits alimentaires a \u00e9t\u00e9 organis\u00e9e par Erik Franza et Carlo Fedeli, appartenant \u00e0 la brigade alpine de Turin et sympathisants de l&rsquo;Ordre. Ce don fait partie du projet \u00ab\u00a0Briciole di Salute\u00a0\u00bb. Etaient pr\u00e9sents M. Pietro Bruno, M. Dario Bruno et\u00a0P\u00e8re\u00a0Luca Lanave. Les personnes pr\u00e9sentes se sont jointes \u00e0 [&hellip;]<\/p>\n","protected":false},"author":1,"featured_media":0,"comment_status":"closed","ping_status":"open","sticky":false,"template":"","format":"standard","meta":{"footnotes":""},"categories":[174],"tags":[],"class_list":["post-31180","post","type-post","status-publish","format-standard","hentry","category-delegation-du-piemont-et-de-la-vallee-daoste"],"_links":{"self":[{"href":"https:\/\/svil.constantinianorder.com\/fr\/wp-json\/wp\/v2\/posts\/31180","targetHints":{"allow":["GET"]}}],"collection":[{"href":"https:\/\/svil.constantinianorder.com\/fr\/wp-json\/wp\/v2\/posts"}],"about":[{"href":"https:\/\/svil.constantinianorder.com\/fr\/wp-json\/wp\/v2\/types\/post"}],"author":[{"embeddable":true,"href":"https:\/\/svil.constantinianorder.com\/fr\/wp-json\/wp\/v2\/users\/1"}],"replies":[{"embeddable":true,"href":"https:\/\/svil.constantinianorder.com\/fr\/wp-json\/wp\/v2\/comments?post=31180"}],"version-history":[{"count":1,"href":"https:\/\/svil.constantinianorder.com\/fr\/wp-json\/wp\/v2\/posts\/31180\/revisions"}],"predecessor-version":[{"id":56592,"href":"https:\/\/svil.constantinianorder.com\/fr\/wp-json\/wp\/v2\/posts\/31180\/revisions\/56592"}],"wp:attachment":[{"href":"https:\/\/svil.constantinianorder.com\/fr\/wp-json\/wp\/v2\/media?parent=31180"}],"wp:term":[{"taxonomy":"category","embeddable":true,"href":"https:\/\/svil.constantinianorder.com\/fr\/wp-json\/wp\/v2\/categories?post=31180"},{"taxonomy":"post_tag","embeddable":true,"href":"https:\/\/svil.constantinianorder.com\/fr\/wp-json\/wp\/v2\/tags?post=31180"}],"curies":[{"name":"wp","href":"https:\/\/api.w.org\/{rel}","templated":true}]}}