{"id":31256,"date":"2019-02-15T10:55:42","date_gmt":"2019-02-15T10:55:42","guid":{"rendered":"https:\/\/www.constantinianorder.net\/calabria-celebrazioni-della-candelora-2\/"},"modified":"2026-01-15T15:49:36","modified_gmt":"2026-01-15T15:49:36","slug":"calabre-celebrations-de-la-chandeleur","status":"publish","type":"post","link":"https:\/\/svil.constantinianorder.com\/fr\/calabre-celebrations-de-la-chandeleur\/","title":{"rendered":"CALABRE: CELEBRATIONS DE LA CHANDELEUR"},"content":{"rendered":"<p><img loading=\"lazy\" decoding=\"async\" class=\"alignnone size-medium wp-image-31252\" src=\"https:\/\/svil.constantinianorder.com\/wp-content\/uploads\/2019\/02\/1-300x225.jpg\" alt=\"1\" width=\"300\" height=\"225\" \/><\/p>\n<p><span lang=\"fr\" tabindex=\"0\">\u00c0 l&rsquo;occasion de l&rsquo;importante c\u00e9l\u00e9bration de la Chandeleur, la d\u00e9l\u00e9gation de la Calabre a particip\u00e9 \u00e0 deux messes solennelles. La premi\u00e8re a eu lieu \u00e0 Catanzaro, pr\u00e8s de la paroisse de <em>Sant&rsquo;Antonio da Padova<\/em>, o\u00f9 la liturgie eucharistique a \u00e9t\u00e9 pr\u00e9sid\u00e9e par S.E.R. Vincenzo Bertolone, archev\u00eaque du dioc\u00e8se de Catanzaro &#8211; Squillace et pr\u00e9sident de la Conf\u00e9rence \u00e9piscopale de Calabre. \u00c0 la fin de la c\u00e9l\u00e9bration, les\u00a0chevaliers\u00a0pr\u00e9sents, conduits par le vice d\u00e9l\u00e9gu\u00e9, se sont rencontr\u00e9s pour parler \u00e0 l&rsquo;important pr\u00e9lat de la Calabre, \u00e0 qui a \u00e9t\u00e9 remis un exemplaire de \u00ab\u00a0<em>Une promenade entre foi et charit\u00e9, Annuaire 2016-2017<\/em>\u00ab\u00a0, publi\u00e9 par le D\u00e9l\u00e9gation de Calabre. Les\u00a0chevaliers et les b\u00e9n\u00e9voles ont fait don de v\u00eatements pour les jeunes prisonniers de l&rsquo;<em>Institut pour mineurs<\/em> de Catanzaro.<\/span><br \/>\n<img loading=\"lazy\" decoding=\"async\" class=\"alignnone size-medium wp-image-31253\" src=\"https:\/\/svil.constantinianorder.com\/wp-content\/uploads\/2019\/02\/2-300x225.jpg\" alt=\"2\" width=\"300\" height=\"225\" \/><\/p>\n<p><span lang=\"fr\" tabindex=\"0\">En m\u00eame temps, dans la ville de Reggio de Calabre, pr\u00e8s de l&rsquo;\u00e9glise <em>Santa Maria della Candelora<\/em>, une repr\u00e9sentation de chevaliers a pris part aux c\u00e9l\u00e9brations de la \u00ab\u00a0F\u00eate de la Pr\u00e9sentation de J\u00e9sus au Temple\u00a0\u00bb. La passionnante c\u00e9l\u00e9bration liturgique \u00e9tait pr\u00e9sid\u00e9e par S.E. Mgr. Vittorio Luigi Mondello, archev\u00eaque \u00e9m\u00e9rite de Reggio Calabria-Bova et prieur de la d\u00e9l\u00e9gation de Calabre; Mgr. Luigi Cannizzo, vice prieur, a conc\u00e9l\u00e9br\u00e9 la messe. La repr\u00e9sentation des\u00a0chevaliers\u00a0et des b\u00e9n\u00e9voles a<\/span><span lang=\"fr\" tabindex=\"0\"> fait une donation aux pauvres de la r\u00e9gion aussi.<\/span><\/p>\n<p><img loading=\"lazy\" decoding=\"async\" class=\"alignnone size-medium wp-image-31251\" src=\"https:\/\/svil.constantinianorder.com\/wp-content\/uploads\/2019\/02\/3-300x225.jpg\" alt=\"3\" width=\"300\" height=\"225\" \/><\/p>\n","protected":false},"excerpt":{"rendered":"<p>\u00c0 l&rsquo;occasion de l&rsquo;importante c\u00e9l\u00e9bration de la Chandeleur, la d\u00e9l\u00e9gation de la Calabre a particip\u00e9 \u00e0 deux messes solennelles. La premi\u00e8re a eu lieu \u00e0 Catanzaro, pr\u00e8s de la paroisse de Sant&rsquo;Antonio da Padova, o\u00f9 la liturgie eucharistique a \u00e9t\u00e9 pr\u00e9sid\u00e9e par S.E.R. Vincenzo Bertolone, archev\u00eaque du dioc\u00e8se de Catanzaro &#8211; Squillace et pr\u00e9sident de [&hellip;]<\/p>\n","protected":false},"author":1,"featured_media":0,"comment_status":"closed","ping_status":"open","sticky":false,"template":"","format":"standard","meta":{"footnotes":""},"categories":[160],"tags":[],"class_list":["post-31256","post","type-post","status-publish","format-standard","hentry","category-delegation-de-la-calabre"],"_links":{"self":[{"href":"https:\/\/svil.constantinianorder.com\/fr\/wp-json\/wp\/v2\/posts\/31256","targetHints":{"allow":["GET"]}}],"collection":[{"href":"https:\/\/svil.constantinianorder.com\/fr\/wp-json\/wp\/v2\/posts"}],"about":[{"href":"https:\/\/svil.constantinianorder.com\/fr\/wp-json\/wp\/v2\/types\/post"}],"author":[{"embeddable":true,"href":"https:\/\/svil.constantinianorder.com\/fr\/wp-json\/wp\/v2\/users\/1"}],"replies":[{"embeddable":true,"href":"https:\/\/svil.constantinianorder.com\/fr\/wp-json\/wp\/v2\/comments?post=31256"}],"version-history":[{"count":1,"href":"https:\/\/svil.constantinianorder.com\/fr\/wp-json\/wp\/v2\/posts\/31256\/revisions"}],"predecessor-version":[{"id":56612,"href":"https:\/\/svil.constantinianorder.com\/fr\/wp-json\/wp\/v2\/posts\/31256\/revisions\/56612"}],"wp:attachment":[{"href":"https:\/\/svil.constantinianorder.com\/fr\/wp-json\/wp\/v2\/media?parent=31256"}],"wp:term":[{"taxonomy":"category","embeddable":true,"href":"https:\/\/svil.constantinianorder.com\/fr\/wp-json\/wp\/v2\/categories?post=31256"},{"taxonomy":"post_tag","embeddable":true,"href":"https:\/\/svil.constantinianorder.com\/fr\/wp-json\/wp\/v2\/tags?post=31256"}],"curies":[{"name":"wp","href":"https:\/\/api.w.org\/{rel}","templated":true}]}}