{"id":31272,"date":"2019-02-15T12:15:46","date_gmt":"2019-02-15T12:15:46","guid":{"rendered":"https:\/\/www.constantinianorder.net\/sicilia-proseguono-le-attivita-del-mese-di-febbraio-2\/"},"modified":"2026-01-15T15:49:37","modified_gmt":"2026-01-15T15:49:37","slug":"sicile-les-activites-du-mois-de-fevrier-continuent","status":"publish","type":"post","link":"https:\/\/svil.constantinianorder.com\/fr\/sicile-les-activites-du-mois-de-fevrier-continuent\/","title":{"rendered":"SICILE: LES ACTIVITES DU MOIS DE FEVRIER CONTINUENT"},"content":{"rendered":"<p><img loading=\"lazy\" decoding=\"async\" class=\"alignnone size-medium wp-image-31265\" src=\"https:\/\/svil.constantinianorder.com\/wp-content\/uploads\/2019\/02\/patern%C3%B2-258x300.jpg\" alt=\"patern\u00f2\" width=\"258\" height=\"300\" \/><\/p>\n<p>Le projet Briciole di Salute est \u00e9galement actif dans la ville de Patern\u00f2. Le 7 f\u00e9vrier les chevaliers Antonino Amato, Massimo Putrino et Giancarlo Greco et Giuseppe D&rsquo;Urso ont donn\u00e9 au diacre Salvatore Mazzaglia cent <em>panettoni<\/em>\u00a0(g\u00e2teaux typiques de No\u00ebl italiens).<\/p>\n<p><img loading=\"lazy\" decoding=\"async\" class=\"size-medium wp-image-31266\" src=\"https:\/\/svil.constantinianorder.com\/wp-content\/uploads\/2019\/02\/lourdes-300x225.jpg\" alt=\"dav\" width=\"300\" height=\"225\" \/><\/p>\n<p>Lundi 11 f\u00e9vrier S.E. Mg.r Antonino Raspanti, \u00e9v\u00eaque d&rsquo;Acireale, a c\u00e9l\u00e9br\u00e9 une liturgie solennelle \u00e0 l&rsquo;occasion de la solennit\u00e9 de Notre Dame de Lourdes, dans l&rsquo;\u00e9glise de San Joseph d&rsquo;Acireale. Le cur\u00e9 Emanuele Nicotra a conc\u00e9l\u00e9br\u00e9 la messe. Les chevaliers et les repr\u00e9sentants pr\u00e9sents avaient \u00e9t\u00e9 accompagn\u00e9s du vice d\u00e9l\u00e9gu\u00e9. \u00c0 la fin de la c\u00e9r\u00e9monie religieuse solennelle, une procession a eu lieu dans les rues de la ville. Imm\u00e9diatement apr\u00e8s la procession, une donation a \u00e9t\u00e9 faite dans la structure\u00a0<em>Madonna della Tenda di Cristo<\/em>,\u00a0\u00e0 laquelle l&rsquo;\u00e9v\u00eaque a \u00e9galement particip\u00e9.<\/p>\n<p><img loading=\"lazy\" decoding=\"async\" class=\"size-medium wp-image-31269\" src=\"https:\/\/svil.constantinianorder.com\/wp-content\/uploads\/2019\/02\/acireale-300x225.jpg\" alt=\"dav\" width=\"300\" height=\"225\" \/><\/p>\n<p>Le lundi 11 f\u00e9vrier, apr\u00e8s la messe solennelle, des produits alimentaires ont \u00e9t\u00e9 livr\u00e9s \u00e0 la Madonna della Tenda di Cristo di Acireale.<\/p>\n<p><img loading=\"lazy\" decoding=\"async\" class=\"alignnone size-medium wp-image-31267\" src=\"https:\/\/svil.constantinianorder.com\/wp-content\/uploads\/2019\/02\/monreale-300x199.jpg\" alt=\"monreale\" width=\"300\" height=\"199\" \/><\/p>\n<p><span lang=\"fr\" tabindex=\"0\">Le mercredi 13 f\u00e9vrier \u00e0 Monreale, dans les locaux\u00a0de l&rsquo;\u00e9glise de <em>Maria SS degli Agonizzanti<\/em>, la premi\u00e8re distribution de produits alimentaires a \u00e9t\u00e9 effectu\u00e9e. Des couches, des produits homog\u00e9n\u00e9is\u00e9s, des biscuits, du lait, des p\u00e2tes et des produits m\u00e9dicaux collect\u00e9s dans les pharmacies de la ville ont \u00e9galement \u00e9t\u00e9 livr\u00e9s.<\/span><\/p>\n<p><img loading=\"lazy\" decoding=\"async\" class=\"alignnone size-medium wp-image-31268\" src=\"https:\/\/svil.constantinianorder.com\/wp-content\/uploads\/2019\/02\/monreale2-300x225.jpg\" alt=\"monreale2\" width=\"300\" height=\"225\" \/><\/p>\n<p><span lang=\"fr\" tabindex=\"0\">Le 13 f\u00e9vrier, le vice d\u00e9l\u00e9gu\u00e9 a remis un fauteuil roulant et de nombreuses couches \u00e0 la r\u00e9sidence <em>Benedetto Balsamo<\/em>\u00a0qui accueille des\u00a0personnes \u00e2g\u00e9es handicap\u00e9es.<\/span><\/p>\n","protected":false},"excerpt":{"rendered":"<p>Le projet Briciole di Salute est \u00e9galement actif dans la ville de Patern\u00f2. Le 7 f\u00e9vrier les chevaliers Antonino Amato, Massimo Putrino et Giancarlo Greco et Giuseppe D&rsquo;Urso ont donn\u00e9 au diacre Salvatore Mazzaglia cent panettoni\u00a0(g\u00e2teaux typiques de No\u00ebl italiens). Lundi 11 f\u00e9vrier S.E. Mg.r Antonino Raspanti, \u00e9v\u00eaque d&rsquo;Acireale, a c\u00e9l\u00e9br\u00e9 une liturgie solennelle \u00e0 [&hellip;]<\/p>\n","protected":false},"author":1,"featured_media":0,"comment_status":"closed","ping_status":"open","sticky":false,"template":"","format":"standard","meta":{"footnotes":""},"categories":[166],"tags":[],"class_list":["post-31272","post","type-post","status-publish","format-standard","hentry","category-delegation-de-la-sicile"],"_links":{"self":[{"href":"https:\/\/svil.constantinianorder.com\/fr\/wp-json\/wp\/v2\/posts\/31272","targetHints":{"allow":["GET"]}}],"collection":[{"href":"https:\/\/svil.constantinianorder.com\/fr\/wp-json\/wp\/v2\/posts"}],"about":[{"href":"https:\/\/svil.constantinianorder.com\/fr\/wp-json\/wp\/v2\/types\/post"}],"author":[{"embeddable":true,"href":"https:\/\/svil.constantinianorder.com\/fr\/wp-json\/wp\/v2\/users\/1"}],"replies":[{"embeddable":true,"href":"https:\/\/svil.constantinianorder.com\/fr\/wp-json\/wp\/v2\/comments?post=31272"}],"version-history":[{"count":1,"href":"https:\/\/svil.constantinianorder.com\/fr\/wp-json\/wp\/v2\/posts\/31272\/revisions"}],"predecessor-version":[{"id":56616,"href":"https:\/\/svil.constantinianorder.com\/fr\/wp-json\/wp\/v2\/posts\/31272\/revisions\/56616"}],"wp:attachment":[{"href":"https:\/\/svil.constantinianorder.com\/fr\/wp-json\/wp\/v2\/media?parent=31272"}],"wp:term":[{"taxonomy":"category","embeddable":true,"href":"https:\/\/svil.constantinianorder.com\/fr\/wp-json\/wp\/v2\/categories?post=31272"},{"taxonomy":"post_tag","embeddable":true,"href":"https:\/\/svil.constantinianorder.com\/fr\/wp-json\/wp\/v2\/tags?post=31272"}],"curies":[{"name":"wp","href":"https:\/\/api.w.org\/{rel}","templated":true}]}}