{"id":31654,"date":"2019-03-07T12:10:36","date_gmt":"2019-03-07T12:10:36","guid":{"rendered":"https:\/\/www.constantinianorder.net\/sicilia-varie-attivita-di-delegazione-2\/"},"modified":"2026-01-15T15:50:17","modified_gmt":"2026-01-15T15:50:17","slug":"sicile-activites-de-la-delegation-2","status":"publish","type":"post","link":"https:\/\/svil.constantinianorder.com\/fr\/sicile-activites-de-la-delegation-2\/","title":{"rendered":"SICILE: ACTIVITES DE LA DELEGATION"},"content":{"rendered":"<p><img loading=\"lazy\" decoding=\"async\" class=\"alignnone size-medium wp-image-31649\" src=\"https:\/\/svil.constantinianorder.com\/wp-content\/uploads\/2019\/03\/briciole-di-salute-a-S.-Martino-delle-Scale-229x300.jpg\" alt=\"briciole di salute a S. Martino delle Scale\" width=\"229\" height=\"300\" \/><\/p>\n<p>Le 15 f\u00e9vrier le vice d\u00e9l\u00e9gu\u00e9 a offert \u00e0 P\u00e8re Bernardo, Chef de la Caritas, des produits de base qui seront distribu\u00e9s aux familles n\u00e9cessiteuses de S. Martino delle Scale. La donation fait partie du projet \u00ab Briciole di Salute \u00bb.<\/p>\n<p><img loading=\"lazy\" decoding=\"async\" class=\"size-medium wp-image-31647\" src=\"https:\/\/svil.constantinianorder.com\/wp-content\/uploads\/2019\/03\/alcamo-300x208.jpg\" alt=\"dav\" width=\"300\" height=\"208\" \/><\/p>\n<p>Une donation d\u2019aliments, qui fait partie du projet \u201cBriciole di Salute\u201d, s\u2019est d\u00e9roul\u00e9e \u00e0 Alcamo le 17 f\u00e9vrier. Des produits ont \u00e9t\u00e9 livr\u00e9s \u00e0 Msgr. Giordano. La d\u00e9l\u00e9gation voudrait remercier tous les b\u00e9n\u00e9voles pour leur aide.<\/p>\n<p><img loading=\"lazy\" decoding=\"async\" class=\"alignnone size-medium wp-image-31650\" src=\"https:\/\/svil.constantinianorder.com\/wp-content\/uploads\/2019\/03\/CONCERTI-300x225.jpg\" alt=\"CONCERTI\" width=\"300\" height=\"225\" \/><\/p>\n<p>Le 24 f\u00e9vrier s\u2019est tenu le premier concert de l\u2019ann\u00e9e dans l\u2019\u00e9glise Maria SS degli Agonizzanti de Monreale.<\/p>\n<p><img loading=\"lazy\" decoding=\"async\" class=\"alignnone size-medium wp-image-31646\" src=\"https:\/\/svil.constantinianorder.com\/wp-content\/uploads\/2019\/03\/MONREALE-300x207.jpg\" alt=\"MONREALE\" width=\"300\" height=\"207\" \/><\/p>\n<p>Le 27 f\u00e9vrier s\u2019est tenue la deuxi\u00e8me donation d\u2019aliments \u00e0 Monreale. Des b\u00e9n\u00e9voles ont distribu\u00e9 ces produits \u00e0 40 enfants de 0 \u00e0 3 ans.<\/p>\n<p><img loading=\"lazy\" decoding=\"async\" class=\"alignnone size-medium wp-image-31651\" src=\"https:\/\/svil.constantinianorder.com\/wp-content\/uploads\/2019\/03\/consegna-della-Gr.-Cr.-di-Grazia-Ecclesiastica-al-Vescovo-di-Noto-300x225.jpg\" alt=\"consegna della Gr. Cr. di Grazia Ecclesiastica al Vescovo di Noto\" width=\"300\" height=\"225\" \/><\/p>\n<p>Le 5 mars S.A.R. la Princesse B\u00e9atrice de Bourbon des Deux Siciles, Grand Pr\u00e9fet, accompagn\u00e9e du vice d\u00e9l\u00e9gu\u00e9 et du repr\u00e9sentant de Noto, a distribu\u00e9 des produits de base aupr\u00e8s de la cantine S. Corrado de Noto. Apr\u00e8s de la donation, le Grand Pr\u00e9fet\u00a0 a \u00e9t\u00e9 re\u00e7ue par S.E. R\u00e9v. Msgr. Antonio Staglian\u00f2, archeveque de Noto. Msgr. Staglian\u00f2 a re\u00e7u aussi son diplome en tant que Chevalier Grand-Croix de Grace Eccl\u00e9siastique.<\/p>\n","protected":false},"excerpt":{"rendered":"<p>Le 15 f\u00e9vrier le vice d\u00e9l\u00e9gu\u00e9 a offert \u00e0 P\u00e8re Bernardo, Chef de la Caritas, des produits de base qui seront distribu\u00e9s aux familles n\u00e9cessiteuses de S. Martino delle Scale. La donation fait partie du projet \u00ab Briciole di Salute \u00bb. Une donation d\u2019aliments, qui fait partie du projet \u201cBriciole di Salute\u201d, s\u2019est d\u00e9roul\u00e9e \u00e0 [&hellip;]<\/p>\n","protected":false},"author":1,"featured_media":0,"comment_status":"closed","ping_status":"open","sticky":false,"template":"","format":"standard","meta":{"footnotes":""},"categories":[166],"tags":[],"class_list":["post-31654","post","type-post","status-publish","format-standard","hentry","category-delegation-de-la-sicile"],"_links":{"self":[{"href":"https:\/\/svil.constantinianorder.com\/fr\/wp-json\/wp\/v2\/posts\/31654","targetHints":{"allow":["GET"]}}],"collection":[{"href":"https:\/\/svil.constantinianorder.com\/fr\/wp-json\/wp\/v2\/posts"}],"about":[{"href":"https:\/\/svil.constantinianorder.com\/fr\/wp-json\/wp\/v2\/types\/post"}],"author":[{"embeddable":true,"href":"https:\/\/svil.constantinianorder.com\/fr\/wp-json\/wp\/v2\/users\/1"}],"replies":[{"embeddable":true,"href":"https:\/\/svil.constantinianorder.com\/fr\/wp-json\/wp\/v2\/comments?post=31654"}],"version-history":[{"count":1,"href":"https:\/\/svil.constantinianorder.com\/fr\/wp-json\/wp\/v2\/posts\/31654\/revisions"}],"predecessor-version":[{"id":56706,"href":"https:\/\/svil.constantinianorder.com\/fr\/wp-json\/wp\/v2\/posts\/31654\/revisions\/56706"}],"wp:attachment":[{"href":"https:\/\/svil.constantinianorder.com\/fr\/wp-json\/wp\/v2\/media?parent=31654"}],"wp:term":[{"taxonomy":"category","embeddable":true,"href":"https:\/\/svil.constantinianorder.com\/fr\/wp-json\/wp\/v2\/categories?post=31654"},{"taxonomy":"post_tag","embeddable":true,"href":"https:\/\/svil.constantinianorder.com\/fr\/wp-json\/wp\/v2\/tags?post=31654"}],"curies":[{"name":"wp","href":"https:\/\/api.w.org\/{rel}","templated":true}]}}