{"id":31912,"date":"2019-03-18T12:34:04","date_gmt":"2019-03-18T12:34:04","guid":{"rendered":"https:\/\/www.constantinianorder.net\/sicilia-attivita-del-mese-di-marzo-2\/"},"modified":"2026-01-15T15:50:43","modified_gmt":"2026-01-15T15:50:43","slug":"sicile-activites-du-mois-de-mars","status":"publish","type":"post","link":"https:\/\/svil.constantinianorder.com\/fr\/sicile-activites-du-mois-de-mars\/","title":{"rendered":"SICILE: ACTIVITES DU MOIS DE MARS"},"content":{"rendered":"<p><img loading=\"lazy\" decoding=\"async\" class=\"alignnone size-medium wp-image-31905\" src=\"https:\/\/svil.constantinianorder.com\/wp-content\/uploads\/2019\/03\/ceneri-palermo-1-300x200.jpg\" alt=\"ceneri palermo\" width=\"300\" height=\"200\" \/><\/p>\n<p>Les Chevaliers et les Dames de Palerme se sont r\u00e9unis dans la paroisse de San Francesco di Paola \u00e0 Palerme pour c\u00e9l\u00e9brer le rite p\u00e9nitentiel qui marque le d\u00e9but du car\u00eame. La c\u00e9l\u00e9bration eucharistique a \u00e9t\u00e9 pr\u00e9sid\u00e9e par le p\u00e8re Saverio Cento et conc\u00e9l\u00e9br\u00e9e par le p\u00e8re Giorgio, le p\u00e8re Antonio et le p\u00e8re Muluba de la Mission des parents mineurs au Congo.<\/p>\n<p><img loading=\"lazy\" decoding=\"async\" class=\"alignnone size-medium wp-image-31906\" src=\"https:\/\/svil.constantinianorder.com\/wp-content\/uploads\/2019\/03\/ceneri-catania-1-300x225.jpg\" alt=\"ceneri catania\" width=\"300\" height=\"225\" \/><\/p>\n<p><span lang=\"fr\" tabindex=\"0\">Le mercredi 6 mars, \u00e0 Catane, dans l&rsquo;\u00e9glise de San Francesco di Paola, une repr\u00e9sentation de chevaliers et de fid\u00e8les a assist\u00e9 \u00e0 la messe \u00e0 l&rsquo;occasion des Cendres, pr\u00e9sid\u00e9e par le p\u00e8re Giuseppe Scrivano.<\/span><\/p>\n<p><img loading=\"lazy\" decoding=\"async\" class=\"alignnone size-medium wp-image-31907\" src=\"https:\/\/svil.constantinianorder.com\/wp-content\/uploads\/2019\/03\/teatro-1-300x146.jpg\" alt=\"teatro\" width=\"300\" height=\"146\" \/><\/p>\n<p><span lang=\"fr\" tabindex=\"0\">Le spectacle musical pr\u00e9sent\u00e9 par le groupe de th\u00e9\u00e2tre <em>Il Tritone<\/em> le samedi 2 mars \u00e0 l&rsquo;\u00e9glise <em>Maria SS degli Agonizzanti<\/em> de Monreale a abord\u00e9 un sujet particulier: le don d&rsquo;avoir un enfant, de le voir na\u00eetre et grandir. \u00c0 la fin du spectacle, auquel ont assist\u00e9 une centaine de spectateurs, le vice d\u00e9l\u00e9gu\u00e9 a donn\u00e9 aux artistes une lettre de remerciement pour leur engagement en faveur de la pr\u00e9sentation du spectacle. La troupe de th\u00e9\u00e2tre a fait don d&rsquo;une plaque \u00e0 la d\u00e9l\u00e9gation en souvenir de leur collaboration.<\/span><\/p>\n<p><img loading=\"lazy\" decoding=\"async\" class=\"alignnone size-medium wp-image-31908\" src=\"https:\/\/svil.constantinianorder.com\/wp-content\/uploads\/2019\/03\/monreale-1-300x225.jpg\" alt=\"monreale\" width=\"300\" height=\"225\" \/><\/p>\n<p>Le mercredi 13 mars, la premi\u00e8re distribution de produits pour l&rsquo;enfance a eu lieu \u00e0 Monreale. Des couches, du lait, des biscuits, des aliments pour b\u00e9b\u00e9s et des p\u00e2tes ont \u00e9t\u00e9 distribu\u00e9s aux familles avec enfants de 0 \u00e0 3 ans.<\/p>\n<p><img loading=\"lazy\" decoding=\"async\" class=\"alignnone size-medium wp-image-31909\" src=\"https:\/\/svil.constantinianorder.com\/wp-content\/uploads\/2019\/03\/S.-Martino-dele-Scale-1-274x300.jpg\" alt=\"S. Martino dele Scale\" width=\"274\" height=\"300\" \/><\/p>\n<p>Le samedi 16 mars, le vice d\u00e9l\u00e9gu\u00e9 a offert des produits au p\u00e8re Bernardo de la Caritas de l&rsquo;abbaye b\u00e9n\u00e9dictine de <em>S. Martino delle Scale<\/em>. Des couches, de la nourriture pour b\u00e9b\u00e9s, du riz, du lait, de la p\u00e2te de tomate et des l\u00e9gumineuses en conserve ont \u00e9t\u00e9 livr\u00e9s. La Caritas livrera ces produits aux 50 familles assist\u00e9es par les b\u00e9n\u00e9dictins.<\/p>\n","protected":false},"excerpt":{"rendered":"<p>Les Chevaliers et les Dames de Palerme se sont r\u00e9unis dans la paroisse de San Francesco di Paola \u00e0 Palerme pour c\u00e9l\u00e9brer le rite p\u00e9nitentiel qui marque le d\u00e9but du car\u00eame. La c\u00e9l\u00e9bration eucharistique a \u00e9t\u00e9 pr\u00e9sid\u00e9e par le p\u00e8re Saverio Cento et conc\u00e9l\u00e9br\u00e9e par le p\u00e8re Giorgio, le p\u00e8re Antonio et le p\u00e8re Muluba [&hellip;]<\/p>\n","protected":false},"author":1,"featured_media":0,"comment_status":"closed","ping_status":"open","sticky":false,"template":"","format":"standard","meta":{"footnotes":""},"categories":[166],"tags":[],"class_list":["post-31912","post","type-post","status-publish","format-standard","hentry","category-delegation-de-la-sicile"],"_links":{"self":[{"href":"https:\/\/svil.constantinianorder.com\/fr\/wp-json\/wp\/v2\/posts\/31912","targetHints":{"allow":["GET"]}}],"collection":[{"href":"https:\/\/svil.constantinianorder.com\/fr\/wp-json\/wp\/v2\/posts"}],"about":[{"href":"https:\/\/svil.constantinianorder.com\/fr\/wp-json\/wp\/v2\/types\/post"}],"author":[{"embeddable":true,"href":"https:\/\/svil.constantinianorder.com\/fr\/wp-json\/wp\/v2\/users\/1"}],"replies":[{"embeddable":true,"href":"https:\/\/svil.constantinianorder.com\/fr\/wp-json\/wp\/v2\/comments?post=31912"}],"version-history":[{"count":1,"href":"https:\/\/svil.constantinianorder.com\/fr\/wp-json\/wp\/v2\/posts\/31912\/revisions"}],"predecessor-version":[{"id":56766,"href":"https:\/\/svil.constantinianorder.com\/fr\/wp-json\/wp\/v2\/posts\/31912\/revisions\/56766"}],"wp:attachment":[{"href":"https:\/\/svil.constantinianorder.com\/fr\/wp-json\/wp\/v2\/media?parent=31912"}],"wp:term":[{"taxonomy":"category","embeddable":true,"href":"https:\/\/svil.constantinianorder.com\/fr\/wp-json\/wp\/v2\/categories?post=31912"},{"taxonomy":"post_tag","embeddable":true,"href":"https:\/\/svil.constantinianorder.com\/fr\/wp-json\/wp\/v2\/tags?post=31912"}],"curies":[{"name":"wp","href":"https:\/\/api.w.org\/{rel}","templated":true}]}}