{"id":32084,"date":"2019-03-25T15:21:46","date_gmt":"2019-03-25T15:21:46","guid":{"rendered":"https:\/\/www.constantinianorder.net\/lombardia-donazione-di-generi-alimentari-a-brescia-2\/"},"modified":"2026-01-15T15:51:02","modified_gmt":"2026-01-15T15:51:02","slug":"lombardie-donation-daliments-a-brescia","status":"publish","type":"post","link":"https:\/\/svil.constantinianorder.com\/fr\/lombardie-donation-daliments-a-brescia\/","title":{"rendered":"LOMBARDIE: DONATION D&rsquo;ALIMENTS \u00c0 BRESCIA"},"content":{"rendered":"<p><strong><img loading=\"lazy\" decoding=\"async\" class=\"alignnone size-medium wp-image-32080\" src=\"https:\/\/svil.constantinianorder.com\/wp-content\/uploads\/2019\/03\/IMG-20190325-WA0000-300x244.jpg\" alt=\"IMG-20190325-WA0000\" width=\"300\" height=\"244\" \/><\/strong><\/p>\n<p><strong>Brescia, le 23 mars 2019<\/strong> &#8211; \u00c0 l&rsquo;occasion de la troisi\u00e8me semaine du Car\u00eame, Francesco Spada et Daniele Gavezzoli ont livr\u00e9 \u00e0 Caritas San Vincenzo de Paoli \u00e0 Cellatica environ 300 kg de fruits et l\u00e9gumes frais offerts par les gestionnaires du march\u00e9 de Brescia. Le nouveau cur\u00e9 de la paroisse, Mgr Claudio Paganini, a demand\u00e9 la continuit\u00e9 de la collaboration avec l&rsquo;Ordre, en invitant les Chevaliers \u00e0 la prochaine f\u00eate patronale.<\/p>\n","protected":false},"excerpt":{"rendered":"<p>Brescia, le 23 mars 2019 &#8211; \u00c0 l&rsquo;occasion de la troisi\u00e8me semaine du Car\u00eame, Francesco Spada et Daniele Gavezzoli ont livr\u00e9 \u00e0 Caritas San Vincenzo de Paoli \u00e0 Cellatica environ 300 kg de fruits et l\u00e9gumes frais offerts par les gestionnaires du march\u00e9 de Brescia. Le nouveau cur\u00e9 de la paroisse, Mgr Claudio Paganini, a [&hellip;]<\/p>\n","protected":false},"author":1,"featured_media":0,"comment_status":"closed","ping_status":"open","sticky":false,"template":"","format":"standard","meta":{"footnotes":""},"categories":[152],"tags":[],"class_list":["post-32084","post","type-post","status-publish","format-standard","hentry","category-delegation-de-lombardie"],"_links":{"self":[{"href":"https:\/\/svil.constantinianorder.com\/fr\/wp-json\/wp\/v2\/posts\/32084","targetHints":{"allow":["GET"]}}],"collection":[{"href":"https:\/\/svil.constantinianorder.com\/fr\/wp-json\/wp\/v2\/posts"}],"about":[{"href":"https:\/\/svil.constantinianorder.com\/fr\/wp-json\/wp\/v2\/types\/post"}],"author":[{"embeddable":true,"href":"https:\/\/svil.constantinianorder.com\/fr\/wp-json\/wp\/v2\/users\/1"}],"replies":[{"embeddable":true,"href":"https:\/\/svil.constantinianorder.com\/fr\/wp-json\/wp\/v2\/comments?post=32084"}],"version-history":[{"count":1,"href":"https:\/\/svil.constantinianorder.com\/fr\/wp-json\/wp\/v2\/posts\/32084\/revisions"}],"predecessor-version":[{"id":56810,"href":"https:\/\/svil.constantinianorder.com\/fr\/wp-json\/wp\/v2\/posts\/32084\/revisions\/56810"}],"wp:attachment":[{"href":"https:\/\/svil.constantinianorder.com\/fr\/wp-json\/wp\/v2\/media?parent=32084"}],"wp:term":[{"taxonomy":"category","embeddable":true,"href":"https:\/\/svil.constantinianorder.com\/fr\/wp-json\/wp\/v2\/categories?post=32084"},{"taxonomy":"post_tag","embeddable":true,"href":"https:\/\/svil.constantinianorder.com\/fr\/wp-json\/wp\/v2\/tags?post=32084"}],"curies":[{"name":"wp","href":"https:\/\/api.w.org\/{rel}","templated":true}]}}