{"id":32113,"date":"2019-03-26T14:24:46","date_gmt":"2019-03-26T14:24:46","guid":{"rendered":"https:\/\/www.constantinianorder.net\/sicilia-continuano-le-attivita-del-progetto-briciole-di-salute-2\/"},"modified":"2026-01-15T15:51:04","modified_gmt":"2026-01-15T15:51:04","slug":"les-activites-du-projet-briciole-di-salute-continuent-en-sicile","status":"publish","type":"post","link":"https:\/\/svil.constantinianorder.com\/fr\/les-activites-du-projet-briciole-di-salute-continuent-en-sicile\/","title":{"rendered":"LES ACTIVITES DU PROJET BRICIOLE DI SALUTE CONTINUENT EN SICILE"},"content":{"rendered":"<p><img loading=\"lazy\" decoding=\"async\" class=\"alignnone size-medium wp-image-32106\" src=\"https:\/\/svil.constantinianorder.com\/wp-content\/uploads\/2019\/03\/piana-degli-albanesi-300x225.jpg\" alt=\"piana degli albanesi\" width=\"300\" height=\"225\" \/><\/p>\n<p><span lang=\"fr\" tabindex=\"0\">Le 21 mars, le vice d\u00e9l\u00e9gu\u00e9 de la Sicile a remis aux b\u00e9n\u00e9voles de la\u00a0Caritas de Piana degli Albanesi plusieurs couches de diff\u00e9rentes tailles et des p\u00e2tes pour les enfants de 0 \u00e0 3 ans. La Caritas est dirig\u00e9e par Dr Caruso. Imm\u00e9diatement apr\u00e8s, il a \u00e9t\u00e9 re\u00e7u par\u00a0S.E. R\u00e9v. Mgr. Giorgio Demetrio Gallaro. Au cours de la r\u00e9union, ils ont parl\u00e9 de l&rsquo;importance du projet Briciole di Salute, pr\u00e9sent dans l&rsquo;\u00e9parchie depuis plusieurs ann\u00e9es.<\/span><\/p>\n<p><img loading=\"lazy\" decoding=\"async\" class=\"alignnone size-medium wp-image-32107\" src=\"https:\/\/svil.constantinianorder.com\/wp-content\/uploads\/2019\/03\/monreale-2-300x169.jpg\" alt=\"monreale\" width=\"300\" height=\"169\" \/><\/p>\n<p>Jeudi 21 mars, Francesco Grandinetti et Marilena Grandinetti ont remis au p\u00e8re Francesco, responsable de la <em>Casa del Sorriso<\/em> de Monreale, 270 croissants, du lait et environ 15 kg de biscuits de la boulangerie de Mme Enza Pizzolato.<\/p>\n<p><img loading=\"lazy\" decoding=\"async\" class=\"alignnone size-medium wp-image-32108\" src=\"https:\/\/svil.constantinianorder.com\/wp-content\/uploads\/2019\/03\/piazza-armerina-300x255.jpg\" alt=\"piazza armerina\" width=\"300\" height=\"255\" \/><\/p>\n<p><span lang=\"fr\" tabindex=\"0\">Selon la tradition annuelle, un d\u00e9jeuner de solidarit\u00e9 offert par la d\u00e9l\u00e9gation sicilienne aupr\u00e8s du <em>Boccone del Povero<\/em> de Piazza Armerina a \u00e9t\u00e9 organis\u00e9. Le vice d\u00e9l\u00e9gu\u00e9, avec Matteo Bertino, r\u00e9f\u00e9rent de la province d&rsquo;Enna, Alessandro Balsamo, Giovanni Patern\u00f2, Giuseppe Balsamo, Giuseppina Crescimanna et le p\u00e8re Dario Pavone ont servi les repas aux invit\u00e9s de la structure.<\/span><\/p>\n<p><img loading=\"lazy\" decoding=\"async\" class=\"alignnone size-medium wp-image-32109\" src=\"https:\/\/svil.constantinianorder.com\/wp-content\/uploads\/2019\/03\/acireale-300x225.jpg\" alt=\"acireale\" width=\"300\" height=\"225\" \/><\/p>\n<p>Le vendredi 22 mars \u00e0 Acireale, des Chevaliers \u00e9taient charg\u00e9s de livrer les produits de confiserie d&rsquo;un homme d&rsquo;affaires local \u00e0 la communaut\u00e9 <em>Madonna della Tenda di Cristo<\/em>. La livraison mensuelle, qui fait partie du projet \u00ab\u00a0Briciole di Salute\u00a0\u00bb, a \u00e9t\u00e9 rendue possible gr\u00e2ce \u00e0 la collaboration active de M. Giuseppe D&rsquo;Urso.<\/p>\n<p><img loading=\"lazy\" decoding=\"async\" class=\"alignnone size-medium wp-image-32110\" src=\"https:\/\/svil.constantinianorder.com\/wp-content\/uploads\/2019\/03\/acireale_2-278x300.jpg\" alt=\"acireale_2\" width=\"278\" height=\"300\" \/><\/p>\n<p>Le vendredi 22 mars \u00e0 Acireale, les Chevaliers Antonino Amato, Giancarlo Greco, Massimo Putrino et Giuseppe Longo, accompagn\u00e9s de M. Massimo Vacanti, \u00e0 l\u2019invitation du P\u00e8re Emanuele Nicotra, ont particip\u00e9 aux exercices spirituels aupr\u00e8s de l&rsquo;\u00e9glise de Saint Joseph. La r\u00e9union, \u00e0 laquelle\u00a0ont particip\u00e9 beaucoup de personnes de la communaut\u00e9 paroissiale locale, a fait l\u2019objet d\u2019une profonde r\u00e9flexion et m\u00e9ditation.<\/p>\n<p>&nbsp;<\/p>\n<p>&nbsp;<\/p>\n<p>&nbsp;<\/p>\n<p>&nbsp;<\/p>\n<p>&nbsp;<\/p>\n","protected":false},"excerpt":{"rendered":"<p>Le 21 mars, le vice d\u00e9l\u00e9gu\u00e9 de la Sicile a remis aux b\u00e9n\u00e9voles de la\u00a0Caritas de Piana degli Albanesi plusieurs couches de diff\u00e9rentes tailles et des p\u00e2tes pour les enfants de 0 \u00e0 3 ans. La Caritas est dirig\u00e9e par Dr Caruso. Imm\u00e9diatement apr\u00e8s, il a \u00e9t\u00e9 re\u00e7u par\u00a0S.E. R\u00e9v. Mgr. Giorgio Demetrio Gallaro. Au [&hellip;]<\/p>\n","protected":false},"author":1,"featured_media":0,"comment_status":"closed","ping_status":"open","sticky":false,"template":"","format":"standard","meta":{"footnotes":""},"categories":[166],"tags":[],"class_list":["post-32113","post","type-post","status-publish","format-standard","hentry","category-delegation-de-la-sicile"],"_links":{"self":[{"href":"https:\/\/svil.constantinianorder.com\/fr\/wp-json\/wp\/v2\/posts\/32113","targetHints":{"allow":["GET"]}}],"collection":[{"href":"https:\/\/svil.constantinianorder.com\/fr\/wp-json\/wp\/v2\/posts"}],"about":[{"href":"https:\/\/svil.constantinianorder.com\/fr\/wp-json\/wp\/v2\/types\/post"}],"author":[{"embeddable":true,"href":"https:\/\/svil.constantinianorder.com\/fr\/wp-json\/wp\/v2\/users\/1"}],"replies":[{"embeddable":true,"href":"https:\/\/svil.constantinianorder.com\/fr\/wp-json\/wp\/v2\/comments?post=32113"}],"version-history":[{"count":1,"href":"https:\/\/svil.constantinianorder.com\/fr\/wp-json\/wp\/v2\/posts\/32113\/revisions"}],"predecessor-version":[{"id":56814,"href":"https:\/\/svil.constantinianorder.com\/fr\/wp-json\/wp\/v2\/posts\/32113\/revisions\/56814"}],"wp:attachment":[{"href":"https:\/\/svil.constantinianorder.com\/fr\/wp-json\/wp\/v2\/media?parent=32113"}],"wp:term":[{"taxonomy":"category","embeddable":true,"href":"https:\/\/svil.constantinianorder.com\/fr\/wp-json\/wp\/v2\/categories?post=32113"},{"taxonomy":"post_tag","embeddable":true,"href":"https:\/\/svil.constantinianorder.com\/fr\/wp-json\/wp\/v2\/tags?post=32113"}],"curies":[{"name":"wp","href":"https:\/\/api.w.org\/{rel}","templated":true}]}}