{"id":45358,"date":"2019-04-10T10:23:45","date_gmt":"2019-04-10T10:23:45","guid":{"rendered":"https:\/\/constantinianorder.net\/messaggio-di-sua-eminenza-il-gran-priore-in-occasione-della-santa-pasqua-2\/"},"modified":"2026-01-15T16:02:21","modified_gmt":"2026-01-15T16:02:21","slug":"messaggio-di-sua-eminenza-il-gran-priore-in-occasione-della-santa-pasqua-2","status":"publish","type":"post","link":"https:\/\/svil.constantinianorder.com\/fr\/messaggio-di-sua-eminenza-il-gran-priore-in-occasione-della-santa-pasqua-2\/","title":{"rendered":"MESSAGE DE SON EMINENCE LE GRAND PRIEUR POUR LA PAQUE 2019"},"content":{"rendered":"<p><strong><img loading=\"lazy\" decoding=\"async\" class=\"size-full wp-image-45347 alignleft\" src=\"https:\/\/svil.constantinianorder.com\/wp-content\/uploads\/2019\/05\/CO-Cross-150x150-e1427210972471.png\" alt=\"\" width=\"94\" height=\"94\" \/>Rome, 10 avril 2019<\/strong> &#8211;\u00a0En occasion des f\u00eates de P\u00e2ques, Son Eminence le Cardinal Renato Raffaele Martino, Grand Prieur, a r\u00e9dig\u00e9 un message pour tous les Chevaliers et Dames de l&rsquo;Ordre.<br \/>\nT\u00e9l\u00e9chargez le message<strong>\u00a0<a href=\"\/wp-content\/uploads\/2019\/05\/Pasqua_fra.pdf\">ici<\/a>.<br \/>\n<\/strong><\/p>\n","protected":false},"excerpt":{"rendered":"<p>Rome, 10 avril 2019 &#8211;\u00a0En occasion des f\u00eates de P\u00e2ques, Son Eminence le Cardinal Renato Raffaele Martino, Grand Prieur, a r\u00e9dig\u00e9 un message pour tous les Chevaliers et Dames de l&rsquo;Ordre. T\u00e9l\u00e9chargez le message\u00a0ici.<\/p>\n","protected":false},"author":1,"featured_media":0,"comment_status":"closed","ping_status":"open","sticky":false,"template":"","format":"standard","meta":{"footnotes":""},"categories":[186],"tags":[],"class_list":["post-45358","post","type-post","status-publish","format-standard","hentry","category-communiques-du-grand-magistere"],"_links":{"self":[{"href":"https:\/\/svil.constantinianorder.com\/fr\/wp-json\/wp\/v2\/posts\/45358","targetHints":{"allow":["GET"]}}],"collection":[{"href":"https:\/\/svil.constantinianorder.com\/fr\/wp-json\/wp\/v2\/posts"}],"about":[{"href":"https:\/\/svil.constantinianorder.com\/fr\/wp-json\/wp\/v2\/types\/post"}],"author":[{"embeddable":true,"href":"https:\/\/svil.constantinianorder.com\/fr\/wp-json\/wp\/v2\/users\/1"}],"replies":[{"embeddable":true,"href":"https:\/\/svil.constantinianorder.com\/fr\/wp-json\/wp\/v2\/comments?post=45358"}],"version-history":[{"count":1,"href":"https:\/\/svil.constantinianorder.com\/fr\/wp-json\/wp\/v2\/posts\/45358\/revisions"}],"predecessor-version":[{"id":56875,"href":"https:\/\/svil.constantinianorder.com\/fr\/wp-json\/wp\/v2\/posts\/45358\/revisions\/56875"}],"wp:attachment":[{"href":"https:\/\/svil.constantinianorder.com\/fr\/wp-json\/wp\/v2\/media?parent=45358"}],"wp:term":[{"taxonomy":"category","embeddable":true,"href":"https:\/\/svil.constantinianorder.com\/fr\/wp-json\/wp\/v2\/categories?post=45358"},{"taxonomy":"post_tag","embeddable":true,"href":"https:\/\/svil.constantinianorder.com\/fr\/wp-json\/wp\/v2\/tags?post=45358"}],"curies":[{"name":"wp","href":"https:\/\/api.w.org\/{rel}","templated":true}]}}