{"id":45424,"date":"2019-04-11T11:11:34","date_gmt":"2019-04-11T11:11:34","guid":{"rendered":"https:\/\/constantinianorder.net\/abruzzo-e-molise-convegno-storico-e-presentazione-progetto-cippi-antichi-di-confini\/"},"modified":"2026-01-15T16:02:28","modified_gmt":"2026-01-15T16:02:28","slug":"abruzzes-et-molise-conference-historique-et-presentation-du-projet-cippi-antichi-di-confini","status":"publish","type":"post","link":"https:\/\/svil.constantinianorder.com\/fr\/abruzzes-et-molise-conference-historique-et-presentation-du-projet-cippi-antichi-di-confini\/","title":{"rendered":"ABRUZZES ET MOLISE: CONFERENCE HISTORIQUE ET PRESENTATION DU PROJET \u00ab\u00a0CIPPI ANTICHI DI CONFINI\u00a0\u00bb"},"content":{"rendered":"\n<figure class=\"wp-block-image\"><img decoding=\"async\" src=\"https:\/\/svil.constantinianorder.com\/wp-content\/uploads\/2019\/05\/abruzzo-300x208.jpg\" alt=\"\" class=\"wp-image-45405\"\/><\/figure>\n\n\n\n<p> <br>Le 7 avril, la d\u00e9l\u00e9gation ainsi que l&rsquo;Association Antichi Cippi, la r\u00e9gion des Abruzzes, l&rsquo;Autorit\u00e9 du parc national du Gran Sasso et Monti della Laga et la municipalit\u00e9 ont particip\u00e9 \u00e0\u00a0une Convention historique pr\u00e9sentant le projet \u00ab\u00a0Cippi Antichi Confini\u00a0\u00bb. La matin\u00e9e a commenc\u00e9 avec la procession escort\u00e9e par deux carabiniers \u00e0 cheval, assist\u00e9s par des autorit\u00e9s politiques et militaires et par des centaines de personnes originaires de nombreuses r\u00e9gions d&rsquo;Italie. Puis le mus\u00e9e historique a \u00e9t\u00e9 inaugur\u00e9. La d\u00e9l\u00e9gation a fait don au mus\u00e9e d&rsquo;un grand coffret en bois et en cristal. La journ\u00e9e s&rsquo;est termin\u00e9e par une rencontre conviviale avec une d\u00e9gustation des sp\u00e9cialit\u00e9s locales. <\/p>\n\n\n\n<figure class=\"wp-block-image\"><img decoding=\"async\" src=\"https:\/\/svil.constantinianorder.com\/wp-content\/uploads\/2019\/05\/abruzzo1-300x228.jpg\" alt=\"\" class=\"wp-image-45413\"\/><\/figure>\n\n\n\n<figure class=\"wp-block-image\"><img decoding=\"async\" src=\"https:\/\/svil.constantinianorder.com\/wp-content\/uploads\/2019\/05\/abruzzo2-300x231.jpg\" alt=\"\" class=\"wp-image-45409\"\/><\/figure>\n","protected":false},"excerpt":{"rendered":"<p>Le 7 avril, la d\u00e9l\u00e9gation ainsi que l&rsquo;Association Antichi Cippi, la r\u00e9gion des Abruzzes, l&rsquo;Autorit\u00e9 du parc national du Gran Sasso et Monti della Laga et la municipalit\u00e9 ont particip\u00e9 \u00e0\u00a0une Convention historique pr\u00e9sentant le projet \u00ab\u00a0Cippi Antichi Confini\u00a0\u00bb. La matin\u00e9e a commenc\u00e9 avec la procession escort\u00e9e par deux carabiniers \u00e0 cheval, assist\u00e9s par des [&hellip;]<\/p>\n","protected":false},"author":1,"featured_media":0,"comment_status":"closed","ping_status":"open","sticky":false,"template":"","format":"standard","meta":{"footnotes":""},"categories":[209],"tags":[],"class_list":["post-45424","post","type-post","status-publish","format-standard","hentry","category-delegation-des-abruzzes-et-molise"],"_links":{"self":[{"href":"https:\/\/svil.constantinianorder.com\/fr\/wp-json\/wp\/v2\/posts\/45424","targetHints":{"allow":["GET"]}}],"collection":[{"href":"https:\/\/svil.constantinianorder.com\/fr\/wp-json\/wp\/v2\/posts"}],"about":[{"href":"https:\/\/svil.constantinianorder.com\/fr\/wp-json\/wp\/v2\/types\/post"}],"author":[{"embeddable":true,"href":"https:\/\/svil.constantinianorder.com\/fr\/wp-json\/wp\/v2\/users\/1"}],"replies":[{"embeddable":true,"href":"https:\/\/svil.constantinianorder.com\/fr\/wp-json\/wp\/v2\/comments?post=45424"}],"version-history":[{"count":1,"href":"https:\/\/svil.constantinianorder.com\/fr\/wp-json\/wp\/v2\/posts\/45424\/revisions"}],"predecessor-version":[{"id":56887,"href":"https:\/\/svil.constantinianorder.com\/fr\/wp-json\/wp\/v2\/posts\/45424\/revisions\/56887"}],"wp:attachment":[{"href":"https:\/\/svil.constantinianorder.com\/fr\/wp-json\/wp\/v2\/media?parent=45424"}],"wp:term":[{"taxonomy":"category","embeddable":true,"href":"https:\/\/svil.constantinianorder.com\/fr\/wp-json\/wp\/v2\/categories?post=45424"},{"taxonomy":"post_tag","embeddable":true,"href":"https:\/\/svil.constantinianorder.com\/fr\/wp-json\/wp\/v2\/tags?post=45424"}],"curies":[{"name":"wp","href":"https:\/\/api.w.org\/{rel}","templated":true}]}}