{"id":45477,"date":"2019-04-15T10:04:57","date_gmt":"2019-04-15T10:04:57","guid":{"rendered":"https:\/\/constantinianorder.net\/piemonte-e-valle-daosta-messa-e-donazione-a-cuneo\/"},"modified":"2026-01-15T16:02:33","modified_gmt":"2026-01-15T16:02:33","slug":"piemont-et-vallee-daoste-messe-et-donation-a-cuneo","status":"publish","type":"post","link":"https:\/\/svil.constantinianorder.com\/fr\/piemont-et-vallee-daoste-messe-et-donation-a-cuneo\/","title":{"rendered":"PIEMONT ET VALLEE D&rsquo;AOSTE: MESSE ET DONATION A CUNEO"},"content":{"rendered":"\n<figure class=\"wp-block-image\"><img decoding=\"async\" src=\"https:\/\/svil.constantinianorder.com\/wp-content\/uploads\/2019\/05\/IMG-20190411-WA0001-300x185.jpg\" alt=\"\" class=\"wp-image-45467\"\/><\/figure>\n\n\n<p>Le jeudi 11 avril, \u00e0 la Confr\u00e9rie de Borgo San Dalmazzo (CN), a \u00e9t\u00e9 c\u00e9l\u00e9br\u00e9e la messe de P\u00e2ques c\u00e9l\u00e9br\u00e9e par le P\u00e8re Luca Lanave, aum\u00f4nier de l&rsquo;Ordre, pour les Chevaliers de Cuneo. Dario Bruno, Gianluca Bertoglio, Flavio Fantino et Piergiuseppe Costantino y ont particip\u00e9. Imm\u00e9diatement apr\u00e8s, une collecte de nourriture a \u00e9t\u00e9 organis\u00e9e en faveur de la paroisse de\u00a0<em>Borgo San Dalmazzo<\/em>.<\/p>\n\n\n<figure class=\"wp-block-image\"><img decoding=\"async\" src=\"https:\/\/svil.constantinianorder.com\/wp-content\/uploads\/2019\/05\/IMG-20190411-WA0002-300x225.jpg\" alt=\"\" class=\"wp-image-45471\"\/><\/figure>\n","protected":false},"excerpt":{"rendered":"<p>Le jeudi 11 avril, \u00e0 la Confr\u00e9rie de Borgo San Dalmazzo (CN), a \u00e9t\u00e9 c\u00e9l\u00e9br\u00e9e la messe de P\u00e2ques c\u00e9l\u00e9br\u00e9e par le P\u00e8re Luca Lanave, aum\u00f4nier de l&rsquo;Ordre, pour les Chevaliers de Cuneo. Dario Bruno, Gianluca Bertoglio, Flavio Fantino et Piergiuseppe Costantino y ont particip\u00e9. Imm\u00e9diatement apr\u00e8s, une collecte de nourriture a \u00e9t\u00e9 organis\u00e9e en [&hellip;]<\/p>\n","protected":false},"author":1,"featured_media":0,"comment_status":"closed","ping_status":"open","sticky":false,"template":"","format":"standard","meta":{"footnotes":""},"categories":[174],"tags":[],"class_list":["post-45477","post","type-post","status-publish","format-standard","hentry","category-delegation-du-piemont-et-de-la-vallee-daoste"],"_links":{"self":[{"href":"https:\/\/svil.constantinianorder.com\/fr\/wp-json\/wp\/v2\/posts\/45477","targetHints":{"allow":["GET"]}}],"collection":[{"href":"https:\/\/svil.constantinianorder.com\/fr\/wp-json\/wp\/v2\/posts"}],"about":[{"href":"https:\/\/svil.constantinianorder.com\/fr\/wp-json\/wp\/v2\/types\/post"}],"author":[{"embeddable":true,"href":"https:\/\/svil.constantinianorder.com\/fr\/wp-json\/wp\/v2\/users\/1"}],"replies":[{"embeddable":true,"href":"https:\/\/svil.constantinianorder.com\/fr\/wp-json\/wp\/v2\/comments?post=45477"}],"version-history":[{"count":1,"href":"https:\/\/svil.constantinianorder.com\/fr\/wp-json\/wp\/v2\/posts\/45477\/revisions"}],"predecessor-version":[{"id":56899,"href":"https:\/\/svil.constantinianorder.com\/fr\/wp-json\/wp\/v2\/posts\/45477\/revisions\/56899"}],"wp:attachment":[{"href":"https:\/\/svil.constantinianorder.com\/fr\/wp-json\/wp\/v2\/media?parent=45477"}],"wp:term":[{"taxonomy":"category","embeddable":true,"href":"https:\/\/svil.constantinianorder.com\/fr\/wp-json\/wp\/v2\/categories?post=45477"},{"taxonomy":"post_tag","embeddable":true,"href":"https:\/\/svil.constantinianorder.com\/fr\/wp-json\/wp\/v2\/tags?post=45477"}],"curies":[{"name":"wp","href":"https:\/\/api.w.org\/{rel}","templated":true}]}}