{"id":45589,"date":"2019-04-18T11:46:40","date_gmt":"2019-04-18T11:46:40","guid":{"rendered":"https:\/\/constantinianorder.net\/campania-numerose-attivita-alla-presenza-di-s-a-r-il-gran-prefetto-a-napoli\/"},"modified":"2026-01-15T16:02:43","modified_gmt":"2026-01-15T16:02:43","slug":"campanie-de-nombreuses-activites-en-presence-de-s-a-r-le-grand-prefet-a-naples","status":"publish","type":"post","link":"https:\/\/svil.constantinianorder.com\/fr\/campanie-de-nombreuses-activites-en-presence-de-s-a-r-le-grand-prefet-a-naples\/","title":{"rendered":"CAMPANIE: DE NOMBREUSES ACTIVIT\u00c9S EN PR\u00c9SENCE DE S.A.R. LE GRAND PR\u00c9FET \u00c0 NAPLES"},"content":{"rendered":"\n<figure class=\"wp-block-image\"><img decoding=\"async\" src=\"https:\/\/svil.constantinianorder.com\/wp-content\/uploads\/2019\/05\/WhatsApp-Image-2019-04-17-at-22.37.58-300x200.jpeg\" alt=\"\" class=\"wp-image-45567\"\/><\/figure>\n\n\n<p>La d\u00e9l\u00e9gation de Naples et de la Campanie a\u00a0r\u00e9alis\u00e9 avec l&rsquo;AIRC une double manifestation caritative: les chevaliers et les dames de la d\u00e9l\u00e9gation ont achet\u00e9 de nombreux \u0153ufs, dont le revenu ira \u00e0 la recherche sur le cancer. Ces\u00a0oeufs de P\u00e2ques seront ensuite revers\u00e9s aux cantines des moins chanceux.<\/p>\n\n\n<figure class=\"wp-block-image\"><img decoding=\"async\" src=\"https:\/\/svil.constantinianorder.com\/wp-content\/uploads\/2019\/05\/WhatsApp-Image-2019-04-17-at-22.55.31-300x200.jpeg\" alt=\"\" class=\"wp-image-45571\"\/><\/figure>\n\n\n<p>Le 12 avril, \u00e0 la paroisse de <em>San Pasquale a Chiaia<\/em>, les repas ont \u00e9t\u00e9\u00a0enti\u00e8rement offerts par les chevaliers de la d\u00e9l\u00e9gation, en pr\u00e9sence de S.A.R. la Princesse B\u00e9atrice de Bourbon des Deux Siciles, Grand Pr\u00e9fet. Des chocolats et des \u0153ufs de P\u00e2ques ont \u00e9t\u00e9 donn\u00e9s en cadeau aux plus n\u00e9cessiteux. Les chevaliers Giannangelo Marciano, Stefano Cimaglia Gonzaga, Anna Montella, Luigi De Angelis et de nombreux b\u00e9n\u00e9voles ont contribu\u00e9 au succ\u00e8s de l&rsquo;\u00e9v\u00e9nement.<\/p>\n\n\n<figure class=\"wp-block-image\"><img decoding=\"async\" src=\"https:\/\/svil.constantinianorder.com\/wp-content\/uploads\/2019\/05\/WhatsApp-Image-2019-04-17-at-23.06.24-300x225.jpeg\" alt=\"\" class=\"wp-image-45575\"\/><\/figure>\n\n\n<p>Le 14 avril, s&rsquo;est tenue une visite aux Soeurs de la Mis\u00e9ricorde, en pr\u00e9sence de S.A.R. le Grand Pr\u00e9fet, le Baron de Lutio, le Chevalier de Angelis et Leopoldo de Gregorio Cattaneo pour faire don des \u0153ufs de P\u00e2ques d\u2019Airc.<\/p>\n\n\n<figure class=\"wp-block-image\"><img decoding=\"async\" src=\"https:\/\/svil.constantinianorder.com\/wp-content\/uploads\/2019\/05\/WhatsApp-Image-2019-04-18-at-00.14.35-300x225.jpeg\" alt=\"\" class=\"wp-image-45579\"\/><\/figure>\n\n\n<p>Samedi 13 avril, a eu lieu la c\u00e9r\u00e9monie de l&rsquo;ancienne place Vittorio Emanuele II, aujourd&rsquo;hui renomm\u00e9e Charles de Bourbon\u00a0des Deux Siciles. De nombreux chevaliers et sympathisants se sont rassembl\u00e9s pour assister \u00e0 l&rsquo;\u00e9v\u00e9nement. La place \u00e9tait pleine\u00a0de personnes et la foule acclamait S.A.R. la Princesse B\u00e9atrice de Bourbon des Deux Siciles, marraine de l&rsquo;\u00e9v\u00e9nement. La r\u00e9union dans la salle du conseil avec les groupes scolaires et le \u00ab\u00a0conseil des enfants\u00a0\u00bb \u00e9tait tr\u00e8s \u00e9mouvante. Un \u00e9change de cadeaux a \u00e9galement eu lieu avec le maire. Le Grand Pr\u00e9fet a \u00e9galement re\u00e7u le prestigieux Prix Troisi.<\/p>\n\n\n<figure class=\"wp-block-image\"><img decoding=\"async\" src=\"https:\/\/svil.constantinianorder.com\/wp-content\/uploads\/2019\/05\/WhatsApp-Image-2019-04-18-at-00.22.52-300x225.jpeg\" alt=\"\" class=\"wp-image-45583\"\/><\/figure>\n\n\n<p>S.A.R. le Grand Pr\u00e9fet s&rsquo;est \u00e9galement rendue \u00e0 l&rsquo;Archipenderie Royale de\u00a0<em>San Giorgio a Cremano<\/em>\u00a0avec la garde d&rsquo;honneur constantinienne.<\/p>","protected":false},"excerpt":{"rendered":"<p>La d\u00e9l\u00e9gation de Naples et de la Campanie a\u00a0r\u00e9alis\u00e9 avec l&rsquo;AIRC une double manifestation caritative: les chevaliers et les dames de la d\u00e9l\u00e9gation ont achet\u00e9 de nombreux \u0153ufs, dont le revenu ira \u00e0 la recherche sur le cancer. Ces\u00a0oeufs de P\u00e2ques seront ensuite revers\u00e9s aux cantines des moins chanceux. Le 12 avril, \u00e0 la paroisse [&hellip;]<\/p>\n","protected":false},"author":1,"featured_media":0,"comment_status":"closed","ping_status":"open","sticky":false,"template":"","format":"standard","meta":{"footnotes":""},"categories":[182],"tags":[],"class_list":["post-45589","post","type-post","status-publish","format-standard","hentry","category-delegation-de-campanie"],"_links":{"self":[{"href":"https:\/\/svil.constantinianorder.com\/fr\/wp-json\/wp\/v2\/posts\/45589","targetHints":{"allow":["GET"]}}],"collection":[{"href":"https:\/\/svil.constantinianorder.com\/fr\/wp-json\/wp\/v2\/posts"}],"about":[{"href":"https:\/\/svil.constantinianorder.com\/fr\/wp-json\/wp\/v2\/types\/post"}],"author":[{"embeddable":true,"href":"https:\/\/svil.constantinianorder.com\/fr\/wp-json\/wp\/v2\/users\/1"}],"replies":[{"embeddable":true,"href":"https:\/\/svil.constantinianorder.com\/fr\/wp-json\/wp\/v2\/comments?post=45589"}],"version-history":[{"count":1,"href":"https:\/\/svil.constantinianorder.com\/fr\/wp-json\/wp\/v2\/posts\/45589\/revisions"}],"predecessor-version":[{"id":56919,"href":"https:\/\/svil.constantinianorder.com\/fr\/wp-json\/wp\/v2\/posts\/45589\/revisions\/56919"}],"wp:attachment":[{"href":"https:\/\/svil.constantinianorder.com\/fr\/wp-json\/wp\/v2\/media?parent=45589"}],"wp:term":[{"taxonomy":"category","embeddable":true,"href":"https:\/\/svil.constantinianorder.com\/fr\/wp-json\/wp\/v2\/categories?post=45589"},{"taxonomy":"post_tag","embeddable":true,"href":"https:\/\/svil.constantinianorder.com\/fr\/wp-json\/wp\/v2\/tags?post=45589"}],"curies":[{"name":"wp","href":"https:\/\/api.w.org\/{rel}","templated":true}]}}