{"id":46046,"date":"2019-05-21T12:42:14","date_gmt":"2019-05-21T12:42:14","guid":{"rendered":"https:\/\/constantinianorder.net\/sicilia-attivita-del-mese-di-maggio\/"},"modified":"2026-01-15T16:03:22","modified_gmt":"2026-01-15T16:03:22","slug":"sicile-activites-du-mois-de-mai","status":"publish","type":"post","link":"https:\/\/svil.constantinianorder.com\/fr\/sicile-activites-du-mois-de-mai\/","title":{"rendered":"SICILE: ACTIVIT\u00c9S DU MOIS DE MAI"},"content":{"rendered":"\n<p>Le lundi 6 mai, le vice d\u00e9l\u00e9gu\u00e9 et Monseigneur Salvatore Grimaldi ont livr\u00e9 des produits du projet Briciole di Salute aux s\u0153urs de la Mission \u00ab\u00a0Speranza e Carit\u00e0\u00a0\u00bb du fr\u00e8re Biagio Conte. Des couches de diff\u00e9rentes tailles et des fruits homog\u00e9n\u00e9is\u00e9s ont \u00e9t\u00e9 livr\u00e9s. <\/p>\n\n\n\n<figure class=\"wp-block-image\"><img decoding=\"async\" src=\"https:\/\/svil.constantinianorder.com\/wp-content\/uploads\/2019\/05\/SPERANZA-E-CARITA-1024x779.jpg\" alt=\"\" class=\"wp-image-46023\"\/><\/figure>\n\n\n\n<p>Mercredi 8 mai, la premi\u00e8re distribution du projet Briciole di Salute a eu lieu \u00e0 Monreale, dans les salles annexes de l&rsquo;\u00e9glise <em>Maria SS degli Agonizzanti<\/em>. Le vice d\u00e9l\u00e9gu\u00e9 et les b\u00e9n\u00e9voles Lia Giangreco, Daniela Prestigiacomo, Sonia Lo Monaco et Antonella Zito ont distribu\u00e9 des couches, du lait, des aliments pour b\u00e9b\u00e9s, des p\u00e2tes, des biscuits et des v\u00eatements ainsi que des chaussures pour enfants. L\u2019Ordre Constantinien a r\u00e9pondu aux besoins de plus de 40 enfants.<\/p>\n\n\n\n<figure class=\"wp-block-image\"><img decoding=\"async\" src=\"https:\/\/svil.constantinianorder.com\/wp-content\/uploads\/2019\/05\/MONREALE-1024x582.jpg\" alt=\"\" class=\"wp-image-46027\"\/><\/figure>\n\n\n\n<p>Jeudi 9 mai, dans les locaux de la Caritas de l&rsquo;\u00e9parchie de Piana degli Albanesi, dirig\u00e9e par M. Caruso, le vice d\u00e9l\u00e9gu\u00e9 a remis aux b\u00e9n\u00e9voles de la structure divers paquets de couches et de produits homog\u00e9n\u00e9is\u00e9s pour les enfants. Les produits seront livr\u00e9s aux familles n\u00e9cessiteuses.<\/p>\n\n\n\n<figure class=\"wp-block-image\"><img decoding=\"async\" src=\"https:\/\/svil.constantinianorder.com\/wp-content\/uploads\/2019\/05\/briciole-di-salute-a-Piana-degli-Albanesi-1024x907.jpg\" alt=\"\" class=\"wp-image-46032\"\/><\/figure>\n\n\n\n<p>Vendredi 17 mai, le vice d\u00e9l\u00e9gu\u00e9 et Mgr Salvatore Grimaldi ont donn\u00e9 120 litres de lait et de la nourriture homog\u00e9n\u00e9is\u00e9e \u00e0 la soeur Mattia de la Mission \u00ab\u00a0Speranza e Carit\u00e0\u00a0\u00bb, pour les enfants assist\u00e9s par les religieuses de la mission.<\/p>\n\n\n\n<figure class=\"wp-block-image\"><img decoding=\"async\" src=\"https:\/\/svil.constantinianorder.com\/wp-content\/uploads\/2019\/05\/BIAGIO-CONTE-699x1024.jpg\" alt=\"\" class=\"wp-image-46036\"\/><\/figure>\n\n\n\n<p>Samedi 18 mai, dans l&rsquo;\u00e9glise Maria SS delle Grazie \u00e0 Monreale, le concert de mai a eu lieu. Il a \u00e9t\u00e9 dirig\u00e9 par le professeur Alberto Giacchino. Certains \u00e9tudiants du cours de piano de Mme Marzia Manno du conservatoire V. Bellini de Palerme y ont particip\u00e9.<\/p>\n\n\n\n<figure class=\"wp-block-image\"><img decoding=\"async\" src=\"https:\/\/svil.constantinianorder.com\/wp-content\/uploads\/2019\/05\/CONCERTO-1024x768.jpg\" alt=\"\" class=\"wp-image-46040\"\/><\/figure>\n","protected":false},"excerpt":{"rendered":"<p>Le lundi 6 mai, le vice d\u00e9l\u00e9gu\u00e9 et Monseigneur Salvatore Grimaldi ont livr\u00e9 des produits du projet Briciole di Salute aux s\u0153urs de la Mission \u00ab\u00a0Speranza e Carit\u00e0\u00a0\u00bb du fr\u00e8re Biagio Conte. Des couches de diff\u00e9rentes tailles et des fruits homog\u00e9n\u00e9is\u00e9s ont \u00e9t\u00e9 livr\u00e9s. Mercredi 8 mai, la premi\u00e8re distribution du projet Briciole di Salute [&hellip;]<\/p>\n","protected":false},"author":1,"featured_media":0,"comment_status":"closed","ping_status":"open","sticky":false,"template":"","format":"standard","meta":{"footnotes":""},"categories":[166],"tags":[],"class_list":["post-46046","post","type-post","status-publish","format-standard","hentry","category-delegation-de-la-sicile"],"_links":{"self":[{"href":"https:\/\/svil.constantinianorder.com\/fr\/wp-json\/wp\/v2\/posts\/46046","targetHints":{"allow":["GET"]}}],"collection":[{"href":"https:\/\/svil.constantinianorder.com\/fr\/wp-json\/wp\/v2\/posts"}],"about":[{"href":"https:\/\/svil.constantinianorder.com\/fr\/wp-json\/wp\/v2\/types\/post"}],"author":[{"embeddable":true,"href":"https:\/\/svil.constantinianorder.com\/fr\/wp-json\/wp\/v2\/users\/1"}],"replies":[{"embeddable":true,"href":"https:\/\/svil.constantinianorder.com\/fr\/wp-json\/wp\/v2\/comments?post=46046"}],"version-history":[{"count":1,"href":"https:\/\/svil.constantinianorder.com\/fr\/wp-json\/wp\/v2\/posts\/46046\/revisions"}],"predecessor-version":[{"id":57005,"href":"https:\/\/svil.constantinianorder.com\/fr\/wp-json\/wp\/v2\/posts\/46046\/revisions\/57005"}],"wp:attachment":[{"href":"https:\/\/svil.constantinianorder.com\/fr\/wp-json\/wp\/v2\/media?parent=46046"}],"wp:term":[{"taxonomy":"category","embeddable":true,"href":"https:\/\/svil.constantinianorder.com\/fr\/wp-json\/wp\/v2\/categories?post=46046"},{"taxonomy":"post_tag","embeddable":true,"href":"https:\/\/svil.constantinianorder.com\/fr\/wp-json\/wp\/v2\/tags?post=46046"}],"curies":[{"name":"wp","href":"https:\/\/api.w.org\/{rel}","templated":true}]}}