{"id":46594,"date":"2019-06-27T15:09:10","date_gmt":"2019-06-27T15:09:10","guid":{"rendered":"https:\/\/constantinianorder.net\/roma-e-lazio-la-delegazione-celebra-i-200-anni-de-linfinito-di-leopardi\/"},"modified":"2026-01-15T16:04:08","modified_gmt":"2026-01-15T16:04:08","slug":"la-delegation-de-rome-celebre-les-200-ans-de-linfinito-de-leopardi","status":"publish","type":"post","link":"https:\/\/svil.constantinianorder.com\/fr\/la-delegation-de-rome-celebre-les-200-ans-de-linfinito-de-leopardi\/","title":{"rendered":"LA D\u00c9L\u00c9GATION DE ROME C\u00c9L\u00c8BRE LES 200 ANS DE \u00ab\u00a0L&rsquo;INFINITO\u00a0\u00bb DE LEOPARDI"},"content":{"rendered":"\n<figure class=\"wp-block-image\"><img decoding=\"async\" src=\"https:\/\/svil.constantinianorder.com\/wp-content\/uploads\/2019\/06\/von-rex-gavronsky-683x1024.jpg\" alt=\"\" class=\"wp-image-46572\"\/><figcaption>La Comtesse Milena von Rex et l&rsquo;Hon. Jas Gawronski<\/figcaption><\/figure>\n\n\n\n<figure class=\"wp-block-image\"><img decoding=\"async\" src=\"https:\/\/svil.constantinianorder.com\/wp-content\/uploads\/2019\/06\/forti-bernini-trppolini-langosco-massara-1024x683.jpg\" alt=\"\" class=\"wp-image-46576\"\/><figcaption>De gauche \u00e0 droite: Dr. Carla Forti Bernini, Don Giuseppe Trappolini, Dr.. Fabiano Forti Bernini, le Comte Riccardo Langosco di Langosco, Dr. Marco Massara Ferrari<\/figcaption><\/figure>\n\n\n\n<figure class=\"wp-block-image\"><img decoding=\"async\" src=\"https:\/\/svil.constantinianorder.com\/wp-content\/uploads\/2019\/06\/no-didascalia-1024x683.jpg\" alt=\"\" class=\"wp-image-46580\"\/><\/figure>\n\n\n\n<p>Le mardi 18 juin, la D\u00e9l\u00e9gation de Rome a invit\u00e9 tous les chevaliers et toutes les dames de l\u2019Ordre \u00e0 un \u00e9v\u00e9nement consacr\u00e9 \u00e0 la po\u00e9sie, \u00e0 la musique et \u00e0 la philosophie pour c\u00e9l\u00e9brer les deux cents ans de \u00abL\u2019Infinito\u00bb de Giacomo Leopardi. L&rsquo;\u00e9v\u00e9nement a eu lieu aupr\u00e8s de l&rsquo;\u00e9glise de San Giacomo in Augusta (o\u00f9 l&rsquo;Ordre exerce d\u00e9j\u00e0 plusieurs activit\u00e9s charitables), g\u00e9n\u00e9reusement accord\u00e9 par le cur\u00e9 de la paroisse, P\u00e8re Giuseppe Trappolini.<\/p>\n\n\n\n<p>L\u2019\u00e9v\u00e9nement, organis\u00e9 par la Comtesse Milena von Rex, a \u00e9t\u00e9 chaleureusement soutenu par le D\u00e9l\u00e9gu\u00e9, S.A. le Prince Don Lelio Niccol\u00f2 Orsini d\u2019Aragona. Le Comte Riccardo Langosco di Langosco, vice-d\u00e9l\u00e9gu\u00e9, a coordonn\u00e9 l&rsquo;\u00e9v\u00e9nement et a \u00e9t\u00e9 assist\u00e9 par M. Marco Massara Ferrari.<\/p>\n\n\n\n<p>M \u00b0 Roberto Antinolfi a jou\u00e9 de l&rsquo;orgue tandis que le plus c\u00e9l\u00e8bres compositions l\u00e9opardiennes et de nombreux aphorismes, tir\u00e9e des \u0153uvres majeures des plus c\u00e9l\u00e8bres philosophes, ont \u00e9t\u00e9 lus par la Comtesse von Rex et par l\u2019Hon. Jas Gawronski.<\/p>\n\n\n\n<p>S.E.R. Mgr. Giuseppe Sciacca a \u00e9galement pris la parole et a discut\u00e9 des \u0153uvres de Leopardi d\u2019un point de vue philosophique, litt\u00e9raire et spirituel. Cliquez <a href=\"https:\/\/svil.constantinianorder.com\/wp-content\/uploads\/2019\/07\/leopardi.pdf\">ici<\/a> pour lire le discours complet en italien de S.E.R. Mgr. Sciacca.<\/p>\n\n\n\n<p>Le Prince Stefano Pignatelli di Cerchiara, la Duchesse Altea Altemps di Gallese, le comte Don Antonello del Balzo Duca de Presenzano, la Comtesse Julia Langosco di Langosco, Don Guglielmo dei Principi Giovannelli Marconi, Don Fabrizio dei Principi Caracciolo, Gregorio Rufini Leopardi, descendant du po\u00e8te , le Secr\u00e9taire g\u00e9n\u00e9ral de l&rsquo;Ordre, Dr. Giampaolo Grazian, le Pr\u00e9sident Massimo Barra, l&rsquo;amiral Carlo Cellerino, le g\u00e9n\u00e9ral Giuseppe Tirico, le g\u00e9n\u00e9ral Matteo Paesano, le g\u00e9n\u00e9ral Luigi Infussi, le colonel Andrea Fegatelli, l&rsquo;hon. Alberto Lembo, conseiller des manifestations culturelles de la d\u00e9l\u00e9gation de Rome, M. Fabiano Forti Bernini, M. et Mme Traldi, ont assist\u00e9 \u00e0 la rencontre.<\/p>\n\n\n\n<figure class=\"wp-block-image\"><img decoding=\"async\" src=\"https:\/\/svil.constantinianorder.com\/wp-content\/uploads\/2019\/06\/Organo.jpg\" alt=\"\" class=\"wp-image-46584\"\/><figcaption>M\u00b0 Roberto Antinolfi <\/figcaption><\/figure>\n\n\n\n<figure class=\"wp-block-image\"><img decoding=\"async\" src=\"https:\/\/svil.constantinianorder.com\/wp-content\/uploads\/2019\/06\/sciacca-langosco-1024x683.jpg\" alt=\"\" class=\"wp-image-46588\"\/><figcaption>S.E.R. Msgr. Giuseppe Sciacca et le Comte Riccardo Langosco di Langosco<\/figcaption><\/figure>\n","protected":false},"excerpt":{"rendered":"<p>Le mardi 18 juin, la D\u00e9l\u00e9gation de Rome a invit\u00e9 tous les chevaliers et toutes les dames de l\u2019Ordre \u00e0 un \u00e9v\u00e9nement consacr\u00e9 \u00e0 la po\u00e9sie, \u00e0 la musique et \u00e0 la philosophie pour c\u00e9l\u00e9brer les deux cents ans de \u00abL\u2019Infinito\u00bb de Giacomo Leopardi. L&rsquo;\u00e9v\u00e9nement a eu lieu aupr\u00e8s de l&rsquo;\u00e9glise de San Giacomo in [&hellip;]<\/p>\n","protected":false},"author":1,"featured_media":0,"comment_status":"closed","ping_status":"open","sticky":false,"template":"","format":"standard","meta":{"footnotes":""},"categories":[191],"tags":[],"class_list":["post-46594","post","type-post","status-publish","format-standard","hentry","category-delegation-de-rome-et-du-latium"],"_links":{"self":[{"href":"https:\/\/svil.constantinianorder.com\/fr\/wp-json\/wp\/v2\/posts\/46594","targetHints":{"allow":["GET"]}}],"collection":[{"href":"https:\/\/svil.constantinianorder.com\/fr\/wp-json\/wp\/v2\/posts"}],"about":[{"href":"https:\/\/svil.constantinianorder.com\/fr\/wp-json\/wp\/v2\/types\/post"}],"author":[{"embeddable":true,"href":"https:\/\/svil.constantinianorder.com\/fr\/wp-json\/wp\/v2\/users\/1"}],"replies":[{"embeddable":true,"href":"https:\/\/svil.constantinianorder.com\/fr\/wp-json\/wp\/v2\/comments?post=46594"}],"version-history":[{"count":1,"href":"https:\/\/svil.constantinianorder.com\/fr\/wp-json\/wp\/v2\/posts\/46594\/revisions"}],"predecessor-version":[{"id":57097,"href":"https:\/\/svil.constantinianorder.com\/fr\/wp-json\/wp\/v2\/posts\/46594\/revisions\/57097"}],"wp:attachment":[{"href":"https:\/\/svil.constantinianorder.com\/fr\/wp-json\/wp\/v2\/media?parent=46594"}],"wp:term":[{"taxonomy":"category","embeddable":true,"href":"https:\/\/svil.constantinianorder.com\/fr\/wp-json\/wp\/v2\/categories?post=46594"},{"taxonomy":"post_tag","embeddable":true,"href":"https:\/\/svil.constantinianorder.com\/fr\/wp-json\/wp\/v2\/tags?post=46594"}],"curies":[{"name":"wp","href":"https:\/\/api.w.org\/{rel}","templated":true}]}}