{"id":46830,"date":"2019-07-15T12:27:16","date_gmt":"2019-07-15T12:27:16","guid":{"rendered":"https:\/\/constantinianorder.net\/sicilia-attivita-del-mese-di-luglio-2\/"},"modified":"2026-01-15T16:10:20","modified_gmt":"2026-01-15T16:10:20","slug":"sicile-activites-de-juillet","status":"publish","type":"post","link":"https:\/\/svil.constantinianorder.com\/fr\/sicile-activites-de-juillet\/","title":{"rendered":"SICILE: ACTIVITES DE JUILLET"},"content":{"rendered":"\n<figure class=\"wp-block-image\"><img decoding=\"async\" src=\"https:\/\/svil.constantinianorder.com\/wp-content\/uploads\/2019\/07\/briciole-id-salute-a-Mionreale-1024x576.jpg\" alt=\"\" class=\"wp-image-46820\"\/><\/figure>\n\n\n\n<p>La premi\u00e8re distribution mensuelle du projet \u00ab\u00a0Briciole di Salute\u00a0\u00bb  a eu lieu le mercredi 10 juillet \u00e0 Monreale. Le vice d\u00e9l\u00e9gu\u00e9, avec les b\u00e9n\u00e9voles Daniela Prestigiacomo, Antonella Zito et Sonia Lo Monaco, a distribu\u00e9 des produits pour la petite enfance, notamment des couches, des aliments pour b\u00e9b\u00e9s, des biscuits, des p\u00e2tes, du lait et de nombreux articles pour les enfants de z\u00e9ro \u00e0 trois ans ainsi que du mat\u00e9riel \u00e0 utiliser \u00e0 la plage.<\/p>\n\n\n\n<figure class=\"wp-block-image\"><img decoding=\"async\" src=\"https:\/\/svil.constantinianorder.com\/wp-content\/uploads\/2019\/07\/1-1-1024x576.jpg\" alt=\"\" class=\"wp-image-46824\"\/><\/figure>\n\n\n\n<p>Mercredi 3 juillet, dans la cath\u00e9drale de Monreale, S.E. Mgr Michele Pennisi, \u00e0 l&rsquo;occasion du dix-septi\u00e8me anniversaire de son ordination \u00e9piscopale, a pr\u00e9sid\u00e9 un pontificat solennel. De nombreux chevaliers \u00e9taient pr\u00e9sents, le vice d\u00e9l\u00e9gu\u00e9, Mme. Maria Antonietta Spagnolo, M. Piero Macaluso et M. Andrea Di Giovanna, ainsi qu&rsquo;une d\u00e9l\u00e9gation du Saint-S\u00e9pulcre et les autorit\u00e9s civiles et militaires. <\/p>\n","protected":false},"excerpt":{"rendered":"<p>La premi\u00e8re distribution mensuelle du projet \u00ab\u00a0Briciole di Salute\u00a0\u00bb a eu lieu le mercredi 10 juillet \u00e0 Monreale. Le vice d\u00e9l\u00e9gu\u00e9, avec les b\u00e9n\u00e9voles Daniela Prestigiacomo, Antonella Zito et Sonia Lo Monaco, a distribu\u00e9 des produits pour la petite enfance, notamment des couches, des aliments pour b\u00e9b\u00e9s, des biscuits, des p\u00e2tes, du lait et de [&hellip;]<\/p>\n","protected":false},"author":1,"featured_media":0,"comment_status":"closed","ping_status":"open","sticky":false,"template":"","format":"standard","meta":{"footnotes":""},"categories":[166],"tags":[],"class_list":["post-46830","post","type-post","status-publish","format-standard","hentry","category-delegation-de-la-sicile"],"_links":{"self":[{"href":"https:\/\/svil.constantinianorder.com\/fr\/wp-json\/wp\/v2\/posts\/46830","targetHints":{"allow":["GET"]}}],"collection":[{"href":"https:\/\/svil.constantinianorder.com\/fr\/wp-json\/wp\/v2\/posts"}],"about":[{"href":"https:\/\/svil.constantinianorder.com\/fr\/wp-json\/wp\/v2\/types\/post"}],"author":[{"embeddable":true,"href":"https:\/\/svil.constantinianorder.com\/fr\/wp-json\/wp\/v2\/users\/1"}],"replies":[{"embeddable":true,"href":"https:\/\/svil.constantinianorder.com\/fr\/wp-json\/wp\/v2\/comments?post=46830"}],"version-history":[{"count":1,"href":"https:\/\/svil.constantinianorder.com\/fr\/wp-json\/wp\/v2\/posts\/46830\/revisions"}],"predecessor-version":[{"id":57145,"href":"https:\/\/svil.constantinianorder.com\/fr\/wp-json\/wp\/v2\/posts\/46830\/revisions\/57145"}],"wp:attachment":[{"href":"https:\/\/svil.constantinianorder.com\/fr\/wp-json\/wp\/v2\/media?parent=46830"}],"wp:term":[{"taxonomy":"category","embeddable":true,"href":"https:\/\/svil.constantinianorder.com\/fr\/wp-json\/wp\/v2\/categories?post=46830"},{"taxonomy":"post_tag","embeddable":true,"href":"https:\/\/svil.constantinianorder.com\/fr\/wp-json\/wp\/v2\/tags?post=46830"}],"curies":[{"name":"wp","href":"https:\/\/api.w.org\/{rel}","templated":true}]}}