{"id":46972,"date":"2019-08-26T15:40:23","date_gmt":"2019-08-26T15:40:23","guid":{"rendered":"https:\/\/constantinianorder.net\/piemonte-donazione-e-festa-patronale\/"},"modified":"2026-01-15T16:10:31","modified_gmt":"2026-01-15T16:10:31","slug":"piemont-donation-et-fete-patronale","status":"publish","type":"post","link":"https:\/\/svil.constantinianorder.com\/fr\/piemont-donation-et-fete-patronale\/","title":{"rendered":"PIEMONT: DONATION ET FETE PATRONALE"},"content":{"rendered":"\n<figure class=\"wp-block-image\"><img decoding=\"async\" src=\"https:\/\/svil.constantinianorder.com\/wp-content\/uploads\/2019\/08\/25-ago-1024x768.jpg\" alt=\"\" class=\"wp-image-46962\"\/><\/figure>\n\n\n\n<p><strong>25 ao\u00fbt 2019<\/strong> &#8211; M. Massimo Trasforini a fait la 4\u00e8me donation \u00e0 une famille dans le besoin en achetant un canap\u00e9 avec des couvertures et des draps. Ce don sera r\u00e9p\u00e9t\u00e9 tous les mois.<\/p>\n\n\n\n<figure class=\"wp-block-image\"><img decoding=\"async\" src=\"https:\/\/svil.constantinianorder.com\/wp-content\/uploads\/2019\/08\/IMG-20190801-WA0004-820x1024.jpg\" alt=\"\" class=\"wp-image-46966\"\/><\/figure>\n\n\n\n<p>La f\u00eate patronale de Sainte-Anne pr\u00e9sid\u00e9e par l&rsquo;aum\u00f4nier Augusto Piccoli s&rsquo;est d\u00e9roul\u00e9e le dimanche 28 juillet \u00e0 l&rsquo;\u00e9glise paroissiale de Lunassi. La repr\u00e9sentante d&rsquo;Alexandrie, Mme Simona Delfino, a \u00e9galement lu la pri\u00e8re du chevalier constantinien \u00e0 la fin de la procession.<br><br><\/p>\n","protected":false},"excerpt":{"rendered":"<p>25 ao\u00fbt 2019 &#8211; M. Massimo Trasforini a fait la 4\u00e8me donation \u00e0 une famille dans le besoin en achetant un canap\u00e9 avec des couvertures et des draps. Ce don sera r\u00e9p\u00e9t\u00e9 tous les mois. La f\u00eate patronale de Sainte-Anne pr\u00e9sid\u00e9e par l&rsquo;aum\u00f4nier Augusto Piccoli s&rsquo;est d\u00e9roul\u00e9e le dimanche 28 juillet \u00e0 l&rsquo;\u00e9glise paroissiale de [&hellip;]<\/p>\n","protected":false},"author":1,"featured_media":0,"comment_status":"closed","ping_status":"open","sticky":false,"template":"","format":"standard","meta":{"footnotes":""},"categories":[174],"tags":[],"class_list":["post-46972","post","type-post","status-publish","format-standard","hentry","category-delegation-du-piemont-et-de-la-vallee-daoste"],"_links":{"self":[{"href":"https:\/\/svil.constantinianorder.com\/fr\/wp-json\/wp\/v2\/posts\/46972","targetHints":{"allow":["GET"]}}],"collection":[{"href":"https:\/\/svil.constantinianorder.com\/fr\/wp-json\/wp\/v2\/posts"}],"about":[{"href":"https:\/\/svil.constantinianorder.com\/fr\/wp-json\/wp\/v2\/types\/post"}],"author":[{"embeddable":true,"href":"https:\/\/svil.constantinianorder.com\/fr\/wp-json\/wp\/v2\/users\/1"}],"replies":[{"embeddable":true,"href":"https:\/\/svil.constantinianorder.com\/fr\/wp-json\/wp\/v2\/comments?post=46972"}],"version-history":[{"count":1,"href":"https:\/\/svil.constantinianorder.com\/fr\/wp-json\/wp\/v2\/posts\/46972\/revisions"}],"predecessor-version":[{"id":57165,"href":"https:\/\/svil.constantinianorder.com\/fr\/wp-json\/wp\/v2\/posts\/46972\/revisions\/57165"}],"wp:attachment":[{"href":"https:\/\/svil.constantinianorder.com\/fr\/wp-json\/wp\/v2\/media?parent=46972"}],"wp:term":[{"taxonomy":"category","embeddable":true,"href":"https:\/\/svil.constantinianorder.com\/fr\/wp-json\/wp\/v2\/categories?post=46972"},{"taxonomy":"post_tag","embeddable":true,"href":"https:\/\/svil.constantinianorder.com\/fr\/wp-json\/wp\/v2\/tags?post=46972"}],"curies":[{"name":"wp","href":"https:\/\/api.w.org\/{rel}","templated":true}]}}