{"id":47638,"date":"2019-10-14T13:00:56","date_gmt":"2019-10-14T13:00:56","guid":{"rendered":"https:\/\/constantinianorder.net\/toscana-progetto-citta-cardioprotette-a-prato\/"},"modified":"2026-01-15T16:15:57","modified_gmt":"2026-01-15T16:15:57","slug":"toscane-projet-citta-cardioprotette-a-prato","status":"publish","type":"post","link":"https:\/\/svil.constantinianorder.com\/fr\/toscane-projet-citta-cardioprotette-a-prato\/","title":{"rendered":"TOSCANE: PROJET \u00ab\u00a0CITTA&rsquo; CARDIOPROTETTE\u00a0\u00bb A PRATO"},"content":{"rendered":"\n<figure class=\"wp-block-image\"><img decoding=\"async\" src=\"https:\/\/svil.constantinianorder.com\/wp-content\/uploads\/2019\/10\/tosc.jpg\" alt=\"\" class=\"wp-image-47632\"\/><\/figure>\n\n\n\n<p><strong>Prato, 12 octobre 2019<\/strong> &#8211; la d\u00e9l\u00e9gation toscane, dirig\u00e9e par le vice d\u00e9l\u00e9gu\u00e9, le vice prieur et le repr\u00e9sentant de la province de Prato, a livr\u00e9 un nouveau d\u00e9fibrillateur automatique au commandant de la province des carabiniers de Prato, le colonel Marco Grandini, qui sera utilis\u00e9 \u00e0 la station des carabiniers de Jolo pour le b\u00e9n\u00e9fice de toute la communaut\u00e9. Le don a \u00e9t\u00e9 fait en collaboration avec l&rsquo;association \u00e0 but non lucratif \u00ab\u00a0Regalami un sorriso\u00a0\u00bb, administr\u00e9e par Piero Giacomelli.<\/p>\n","protected":false},"excerpt":{"rendered":"<p>Prato, 12 octobre 2019 &#8211; la d\u00e9l\u00e9gation toscane, dirig\u00e9e par le vice d\u00e9l\u00e9gu\u00e9, le vice prieur et le repr\u00e9sentant de la province de Prato, a livr\u00e9 un nouveau d\u00e9fibrillateur automatique au commandant de la province des carabiniers de Prato, le colonel Marco Grandini, qui sera utilis\u00e9 \u00e0 la station des carabiniers de Jolo pour le [&hellip;]<\/p>\n","protected":false},"author":1,"featured_media":0,"comment_status":"closed","ping_status":"open","sticky":false,"template":"","format":"standard","meta":{"footnotes":""},"categories":[170],"tags":[],"class_list":["post-47638","post","type-post","status-publish","format-standard","hentry","category-delegation-de-toscane"],"_links":{"self":[{"href":"https:\/\/svil.constantinianorder.com\/fr\/wp-json\/wp\/v2\/posts\/47638","targetHints":{"allow":["GET"]}}],"collection":[{"href":"https:\/\/svil.constantinianorder.com\/fr\/wp-json\/wp\/v2\/posts"}],"about":[{"href":"https:\/\/svil.constantinianorder.com\/fr\/wp-json\/wp\/v2\/types\/post"}],"author":[{"embeddable":true,"href":"https:\/\/svil.constantinianorder.com\/fr\/wp-json\/wp\/v2\/users\/1"}],"replies":[{"embeddable":true,"href":"https:\/\/svil.constantinianorder.com\/fr\/wp-json\/wp\/v2\/comments?post=47638"}],"version-history":[{"count":1,"href":"https:\/\/svil.constantinianorder.com\/fr\/wp-json\/wp\/v2\/posts\/47638\/revisions"}],"predecessor-version":[{"id":57311,"href":"https:\/\/svil.constantinianorder.com\/fr\/wp-json\/wp\/v2\/posts\/47638\/revisions\/57311"}],"wp:attachment":[{"href":"https:\/\/svil.constantinianorder.com\/fr\/wp-json\/wp\/v2\/media?parent=47638"}],"wp:term":[{"taxonomy":"category","embeddable":true,"href":"https:\/\/svil.constantinianorder.com\/fr\/wp-json\/wp\/v2\/categories?post=47638"},{"taxonomy":"post_tag","embeddable":true,"href":"https:\/\/svil.constantinianorder.com\/fr\/wp-json\/wp\/v2\/tags?post=47638"}],"curies":[{"name":"wp","href":"https:\/\/api.w.org\/{rel}","templated":true}]}}