{"id":47974,"date":"2019-11-04T15:16:06","date_gmt":"2019-11-04T15:16:06","guid":{"rendered":"https:\/\/constantinianorder.net\/lombardia-incontro-a-milano\/"},"modified":"2026-01-15T16:16:24","modified_gmt":"2026-01-15T16:16:24","slug":"lombardie-rencontre-a-milan","status":"publish","type":"post","link":"https:\/\/svil.constantinianorder.com\/fr\/lombardie-rencontre-a-milan\/","title":{"rendered":"LOMBARDIE: RENCONTRE A MILAN"},"content":{"rendered":"\n<figure class=\"wp-block-image\"><img decoding=\"async\" src=\"https:\/\/svil.constantinianorder.com\/wp-content\/uploads\/2019\/11\/lomb-1024x768.jpg\" alt=\"\" class=\"wp-image-47968\"\/><\/figure>\n\n\n\n<p><strong>Milan, 29 octobre 2019<\/strong> &#8211; Dans la salle de conf\u00e9rence de l&rsquo;h\u00f4tel Venezia \u00e0 Milan, l&rsquo;On. Gabriele Albertini a donn\u00e9 une conf\u00e9rence sur le sujet: \u00ab\u00a0Quelle justice pour les enfants.\u00a0\u00bb L\u2019\u00e9v\u00e9nement, parrain\u00e9 par le Comit\u00e9 contre les injustices personnelles et familiales, rev\u00eatait une grande importance civile et de nombreux Chevaliers et Dames de l\u2019Ordre y ont particip\u00e9. Le vice d\u00e9l\u00e9gu\u00e9 de la Lombardie, Dr. Giuseppe Rizzani et le Seigneur de Sa Saintet\u00e9 Luigi Roth \u00e9taient \u00e9galement pr\u00e9sents.<\/p>\n","protected":false},"excerpt":{"rendered":"<p>Milan, 29 octobre 2019 &#8211; Dans la salle de conf\u00e9rence de l&rsquo;h\u00f4tel Venezia \u00e0 Milan, l&rsquo;On. Gabriele Albertini a donn\u00e9 une conf\u00e9rence sur le sujet: \u00ab\u00a0Quelle justice pour les enfants.\u00a0\u00bb L\u2019\u00e9v\u00e9nement, parrain\u00e9 par le Comit\u00e9 contre les injustices personnelles et familiales, rev\u00eatait une grande importance civile et de nombreux Chevaliers et Dames de l\u2019Ordre y [&hellip;]<\/p>\n","protected":false},"author":1,"featured_media":0,"comment_status":"closed","ping_status":"open","sticky":false,"template":"","format":"standard","meta":{"footnotes":""},"categories":[152],"tags":[],"class_list":["post-47974","post","type-post","status-publish","format-standard","hentry","category-delegation-de-lombardie"],"_links":{"self":[{"href":"https:\/\/svil.constantinianorder.com\/fr\/wp-json\/wp\/v2\/posts\/47974","targetHints":{"allow":["GET"]}}],"collection":[{"href":"https:\/\/svil.constantinianorder.com\/fr\/wp-json\/wp\/v2\/posts"}],"about":[{"href":"https:\/\/svil.constantinianorder.com\/fr\/wp-json\/wp\/v2\/types\/post"}],"author":[{"embeddable":true,"href":"https:\/\/svil.constantinianorder.com\/fr\/wp-json\/wp\/v2\/users\/1"}],"replies":[{"embeddable":true,"href":"https:\/\/svil.constantinianorder.com\/fr\/wp-json\/wp\/v2\/comments?post=47974"}],"version-history":[{"count":1,"href":"https:\/\/svil.constantinianorder.com\/fr\/wp-json\/wp\/v2\/posts\/47974\/revisions"}],"predecessor-version":[{"id":57365,"href":"https:\/\/svil.constantinianorder.com\/fr\/wp-json\/wp\/v2\/posts\/47974\/revisions\/57365"}],"wp:attachment":[{"href":"https:\/\/svil.constantinianorder.com\/fr\/wp-json\/wp\/v2\/media?parent=47974"}],"wp:term":[{"taxonomy":"category","embeddable":true,"href":"https:\/\/svil.constantinianorder.com\/fr\/wp-json\/wp\/v2\/categories?post=47974"},{"taxonomy":"post_tag","embeddable":true,"href":"https:\/\/svil.constantinianorder.com\/fr\/wp-json\/wp\/v2\/tags?post=47974"}],"curies":[{"name":"wp","href":"https:\/\/api.w.org\/{rel}","templated":true}]}}