{"id":9941,"date":"2009-12-20T14:21:06","date_gmt":"2009-12-20T14:21:06","guid":{"rendered":"http:\/\/www.constantinianorder.net\/i-cavalieri-e-le-dame-della-delegazione-di-sicilia-hanno-partecipato-alla-santa-messa-in-preparazione-alla-vicina-solennita-del-natale-2\/"},"modified":"2026-02-05T15:45:35","modified_gmt":"2026-02-05T15:45:35","slug":"les-chevaliers-et-les-dames-de-la-delegation-de-la-sicile-ont-assiste-a-la-messe-dans-la-preparation-de-la-prochaine-fete-de-noel","status":"publish","type":"post","link":"https:\/\/svil.constantinianorder.com\/fr\/les-chevaliers-et-les-dames-de-la-delegation-de-la-sicile-ont-assiste-a-la-messe-dans-la-preparation-de-la-prochaine-fete-de-noel\/","title":{"rendered":"Delegation de la Sicile ont assist\u00e9 \u00e0 la messe"},"content":{"rendered":"<p><a href=\"http:\/\/www.constantinianorder.net\/wp-content\/uploads\/2013\/01\/CO-Cross-150x150.png\"><img loading=\"lazy\" decoding=\"async\" src=\"http:\/\/www.constantinianorder.net\/wp-content\/uploads\/2013\/01\/CO-Cross-150x150.png\" alt=\"CO Cross 150x150\" width=\"150\" height=\"150\" class=\"alignleft size-full wp-image-8419\" \/><\/a>20 d\u00e9cembre 2009. Dimanche 20 D\u00e9cembre, les Chevaliers et le Dames de la D\u00e9l\u00e9gation Sicilienne ont particip\u00e9 \u00e0 la Saint Messe pour No\u00ebl dans la Basilique Constantinienne \u00e0 la Magione de Palerme. La Liturgie a \u00e9t\u00e9 c\u00e9l\u00e9br\u00e9e par le R\u00e9v\u00e9rend P\u00e8re Nicola Ventriglia, Missionnaire des Oblats de Marie-Immacul\u00e9e, et conc\u00e9l\u00e9br\u00e9e par le R\u00e9v\u00e9rend Abb\u00e9 Giacomo Ribaudo, Cur\u00e9 de la Magione. A la fin de la Messe, le Vice D\u00e9l\u00e9gu\u00e9, le Noble Docteur Antonio di Janni, a conf\u00e9r\u00e9 au R\u00e9v\u00e9rend Abb\u00e9 Giuseppe Manisclaco, Chapelain Militaire, le Dipl\u00f4me Magistral de Chevalier de Grce Eccl\u00e9siastique.<\/p>\n<p>A l\u2019occasion ont particip\u00e9 aussi: le Baron Francesco Spoto; S.E. le Pr\u00e9fet Gianfranco Romagnoli; le Noble Chevalier Luigi Furitano; le Noble Stefano Ferro, et les Chevaliers Domenico Scapati, Elio Zuccarello, Michele Salerno, Vincenzo Triolo, Leonardo Soloperto, Gaetano Mellia, Matteo Bertino, Manlio Corselli, Francesco Lupo, Ugo Frascon\u00e0, Giuseppe Grandinetti, Rosario Palermo, Gaetano Andronico, e le Dame Eugenia D\u2019Alessandro, Carla Amirante, Maria Lo Castro, Marilena Grandinetti et Carmela Munda.<\/p>\n<hr>\n","protected":false},"excerpt":{"rendered":"<p>20 d\u00e9cembre 2009. Dimanche 20 D\u00e9cembre, les Chevaliers et le Dames de la D\u00e9l\u00e9gation Sicilienne ont particip\u00e9 \u00e0 la Saint Messe pour No\u00ebl dans la Basilique Constantinienne \u00e0 la Magione de Palerme. La Liturgie a \u00e9t\u00e9 c\u00e9l\u00e9br\u00e9e par le R\u00e9v\u00e9rend P\u00e8re Nicola Ventriglia, Missionnaire des Oblats de Marie-Immacul\u00e9e, et conc\u00e9l\u00e9br\u00e9e par le R\u00e9v\u00e9rend Abb\u00e9 Giacomo [&hellip;]<\/p>\n","protected":false},"author":1,"featured_media":10656,"comment_status":"closed","ping_status":"closed","sticky":false,"template":"","format":"standard","meta":{"footnotes":""},"categories":[166],"tags":[711],"class_list":["post-9941","post","type-post","status-publish","format-standard","has-post-thumbnail","hentry","category-delegation-de-la-sicile","tag-nouvelles-it-it"],"_links":{"self":[{"href":"https:\/\/svil.constantinianorder.com\/fr\/wp-json\/wp\/v2\/posts\/9941","targetHints":{"allow":["GET"]}}],"collection":[{"href":"https:\/\/svil.constantinianorder.com\/fr\/wp-json\/wp\/v2\/posts"}],"about":[{"href":"https:\/\/svil.constantinianorder.com\/fr\/wp-json\/wp\/v2\/types\/post"}],"author":[{"embeddable":true,"href":"https:\/\/svil.constantinianorder.com\/fr\/wp-json\/wp\/v2\/users\/1"}],"replies":[{"embeddable":true,"href":"https:\/\/svil.constantinianorder.com\/fr\/wp-json\/wp\/v2\/comments?post=9941"}],"version-history":[{"count":1,"href":"https:\/\/svil.constantinianorder.com\/fr\/wp-json\/wp\/v2\/posts\/9941\/revisions"}],"predecessor-version":[{"id":61475,"href":"https:\/\/svil.constantinianorder.com\/fr\/wp-json\/wp\/v2\/posts\/9941\/revisions\/61475"}],"wp:featuredmedia":[{"embeddable":true,"href":"https:\/\/svil.constantinianorder.com\/fr\/wp-json\/"}],"wp:attachment":[{"href":"https:\/\/svil.constantinianorder.com\/fr\/wp-json\/wp\/v2\/media?parent=9941"}],"wp:term":[{"taxonomy":"category","embeddable":true,"href":"https:\/\/svil.constantinianorder.com\/fr\/wp-json\/wp\/v2\/categories?post=9941"},{"taxonomy":"post_tag","embeddable":true,"href":"https:\/\/svil.constantinianorder.com\/fr\/wp-json\/wp\/v2\/tags?post=9941"}],"curies":[{"name":"wp","href":"https:\/\/api.w.org\/{rel}","templated":true}]}}